{"id":108326,"date":"2026-04-30T18:30:16","date_gmt":"2026-04-30T15:30:16","guid":{"rendered":"https:\/\/prizrenpost.com\/al\/me-shume-180-aktiviste-te-arrestuar-ne-ujerat-nderkombetare-ne-sulmin-izraelit-ndaj-flotes-se-ndihmes-per-gazen\/"},"modified":"2026-04-30T18:30:16","modified_gmt":"2026-04-30T15:30:16","slug":"me-shume-180-aktiviste-te-arrestuar-ne-ujerat-nderkombetare-ne-sulmin-izraelit-ndaj-flotes-se-ndihmes-per-gazen","status":"publish","type":"post","link":"https:\/\/prizrenpost.com\/al\/me-shume-180-aktiviste-te-arrestuar-ne-ujerat-nderkombetare-ne-sulmin-izraelit-ndaj-flotes-se-ndihmes-per-gazen\/","title":{"rendered":"M\u00eb shum\u00eb 180 aktivist\u00eb t\u00eb arrestuar n\u00eb uj\u00ebrat nd\u00ebrkomb\u00ebtare n\u00eb sulmin izraelit ndaj flot\u00ebs s\u00eb ndihm\u00ebs p\u00ebr Gaz\u00ebn"},"content":{"rendered":"<figure class=\"post-featured-image\"><img decoding=\"async\" src=\"https:\/\/prizrenpost.com\/al\/wp-content\/uploads\/2026\/04\/thumbs_b_c_c2c941e04ef13ee133f40014996b2ae1.jpg\" alt=\"M\u00eb shum\u00eb 180 aktivist\u00eb t\u00eb arrestuar n\u00eb uj\u00ebrat nd\u00ebrkomb\u00ebtare n\u00eb sulmin izraelit ndaj flot\u00ebs s\u00eb ndihm\u00ebs p\u00ebr Gaz\u00ebn\"\/><\/figure>\n<p>Kreu i Komitetit Nd\u00ebrkomb\u00ebtar p\u00ebr Thyerjen e Rrethimit t\u00eb Gaz\u00ebs, Youssef Ajisa, i cili organizoi udh\u00ebtimin e Flotiljes Globale Sumud drejt Gaz\u00ebs, ka b\u00ebr\u00eb t\u00eb ditur se ushtria izraelite sulmoi nj\u00eb flotilje ndihmash me destinacion Gaz\u00ebn dhe arrestoi m\u00eb shum\u00eb se 180 aktivist\u00eb n\u00eb uj\u00ebrat nd\u00ebrkomb\u00ebtare, 500 milje detare (926 kilometra) larg enklav\u00ebs palestineze.<\/p>\n<p>&#8220;Flotilja Globale Sumud dhe Freedom iu n\u00ebnshtruan nj\u00eb akti t\u00eb plot\u00eb piraterie nga ushtria e entitetit sionist n\u00eb det t\u00eb hapur, n\u00eb uj\u00ebrat nd\u00ebrkomb\u00ebtare dhe n\u00eb nj\u00eb distanc\u00eb prej 500 miljesh detare nga territoret e pushtuara palestineze dhe nga Rripi i Gaz\u00ebs&#8221;, tha Ajisa p\u00ebr Anadolu.<\/p>\n<p>Ai akuzoi Izraelin p\u00ebr organizimin e bastisjes nat\u00ebn, me q\u00ebllim p\u00ebr &#8220;t\u00eb mbuluar aspektin mediatik t\u00eb k\u00ebtij akti brutal dhe barbar&#8221;.<\/p>\n<p>&#8220;M\u00eb shum\u00eb se 180 aktivist\u00eb u arrestuan dhe u d\u00ebrguan n\u00eb portin e Ashdodit n\u00eb territoret e pushtuara&#8221;, shtoi ai.<\/p>\n<hr style=\"margin:30px 0\"\/>\n<p style=\"font-size:13px;color:#666\">Burimi: <strong>mesazhi<\/strong><\/p>\n","protected":false},"excerpt":{"rendered":"<p>Kreu i Komitetit Nd\u00ebrkomb\u00ebtar p\u00ebr Thyerjen e Rrethimit t\u00eb Gaz\u00ebs, Youssef Ajisa, i cili organizoi udh\u00ebtimin e Flotiljes Globale Sumud drejt Gaz\u00ebs, ka b\u00ebr\u00eb t\u00eb ditur se ushtria izraelite sulmoi nj\u00eb flotilje ndihmash me destinacion Gaz\u00ebn dhe arrestoi m\u00eb shum\u00eb se 180 aktivist\u00eb n\u00eb uj\u00ebrat nd\u00ebrkomb\u00ebtare, 500 milje detare (926 kilometra) larg enklav\u00ebs palestineze. &#8220;Flotilja [&hellip;]<\/p>\n","protected":false},"author":1,"featured_media":108325,"comment_status":"open","ping_status":"open","sticky":false,"template":"","format":"standard","meta":{"footnotes":""},"categories":[24],"tags":[3803],"class_list":["post-108326","post","type-post","status-publish","format-standard","has-post-thumbnail","hentry","category-bote","tag-aktuale"],"_links":{"self":[{"href":"https:\/\/prizrenpost.com\/al\/wp-json\/wp\/v2\/posts\/108326","targetHints":{"allow":["GET"]}}],"collection":[{"href":"https:\/\/prizrenpost.com\/al\/wp-json\/wp\/v2\/posts"}],"about":[{"href":"https:\/\/prizrenpost.com\/al\/wp-json\/wp\/v2\/types\/post"}],"author":[{"embeddable":true,"href":"https:\/\/prizrenpost.com\/al\/wp-json\/wp\/v2\/users\/1"}],"replies":[{"embeddable":true,"href":"https:\/\/prizrenpost.com\/al\/wp-json\/wp\/v2\/comments?post=108326"}],"version-history":[{"count":0,"href":"https:\/\/prizrenpost.com\/al\/wp-json\/wp\/v2\/posts\/108326\/revisions"}],"wp:featuredmedia":[{"embeddable":true,"href":"https:\/\/prizrenpost.com\/al\/wp-json\/wp\/v2\/media\/108325"}],"wp:attachment":[{"href":"https:\/\/prizrenpost.com\/al\/wp-json\/wp\/v2\/media?parent=108326"}],"wp:term":[{"taxonomy":"category","embeddable":true,"href":"https:\/\/prizrenpost.com\/al\/wp-json\/wp\/v2\/categories?post=108326"},{"taxonomy":"post_tag","embeddable":true,"href":"https:\/\/prizrenpost.com\/al\/wp-json\/wp\/v2\/tags?post=108326"}],"curies":[{"name":"wp","href":"https:\/\/api.w.org\/{rel}","templated":true}]}}