{"id":108328,"date":"2026-04-30T18:45:24","date_gmt":"2026-04-30T15:45:24","guid":{"rendered":"https:\/\/prizrenpost.com\/al\/irlanda-njofton-ndalimin-e-disa-shtetasve-te-saj-pas-interceptimit-ndaj-flotes-se-ndihmes-per-gazen\/"},"modified":"2026-04-30T18:45:24","modified_gmt":"2026-04-30T15:45:24","slug":"irlanda-njofton-ndalimin-e-disa-shtetasve-te-saj-pas-interceptimit-ndaj-flotes-se-ndihmes-per-gazen","status":"publish","type":"post","link":"https:\/\/prizrenpost.com\/al\/irlanda-njofton-ndalimin-e-disa-shtetasve-te-saj-pas-interceptimit-ndaj-flotes-se-ndihmes-per-gazen\/","title":{"rendered":"Irlanda njofton ndalimin e disa shtetasve t\u00eb saj pas interceptimit ndaj flot\u00ebs s\u00eb ndihm\u00ebs p\u00ebr Gaz\u00ebn"},"content":{"rendered":"<figure class=\"post-featured-image\"><img decoding=\"async\" src=\"https:\/\/prizrenpost.com\/al\/wp-content\/uploads\/2026\/04\/thumbs_b_c_b8a001bb281b541abbc19f77786f2566.jpg\" alt=\"Irlanda njofton ndalimin e disa shtetasve t\u00eb saj pas interceptimit ndaj flot\u00ebs s\u00eb ndihm\u00ebs p\u00ebr Gaz\u00ebn\"\/><\/figure>\n<p>Irlanda tha sot se disa anije nga Flotilja Globale &#8220;Sumud&#8221; q\u00eb shkonte p\u00ebr n\u00eb Gaza u ndaluan dhe se disa shtetas irlandez\u00eb jan\u00eb ndaluar pas nj\u00eb operacioni izraelit q\u00eb synonte konvojin, transmeton Anadolu.<\/p>\n<p>Zyrtar\u00ebt e Departamentit t\u00eb Pun\u00ebve t\u00eb Jashtme dhe Tregtis\u00eb than\u00eb se po e monitorojn\u00eb situat\u00ebn nga af\u00ebr dhe po bashk\u00ebpunojn\u00eb me autoritetet p\u00ebrkat\u00ebse.<\/p>\n<p>&#8220;Jemi n\u00eb dijeni t\u00eb ndalimit t\u00eb disa anijeve dhe ndalimit t\u00eb nj\u00eb numri qytetar\u00ebsh irlandez\u00eb. Departamenti do t&#8217;u ofroj\u00eb ndihm\u00eb konsullore qytetar\u00ebve irlandez\u00eb t\u00eb prekur&#8221;, tha z\u00ebdh\u00ebn\u00ebsi.<\/p>\n<p>Flotilja Globale &#8220;Sumud&#8221;, nj\u00eb konvoj humanitar q\u00eb synonte thyerjen e bllokad\u00ebs n\u00eb Gaza dhe shp\u00ebrndarjen e ndihm\u00ebs, u nis nga Barcelona m\u00eb 12 prill si pjes\u00eb e misionit t\u00eb saj t\u00eb pranver\u00ebs 2026.<\/p>\n<p>Flota m\u00eb von\u00eb u zgjerua me anije shtes\u00eb q\u00eb u nis\u00ebn nga Si\u00e7ilia m\u00eb 26 prill. Zyrtar\u00ebt e Flotiljes than\u00eb se konvoji p\u00ebrfshinte 345 pjes\u00ebmarr\u00ebs nga 39 vende.<\/p>\n<p>Ata than\u00eb se operacioni u zhvillua t\u00eb m\u00ebrkur\u00ebn von\u00eb n\u00eb uj\u00ebrat nd\u00ebrkomb\u00ebtare pran\u00eb ishullit grek t\u00eb Kret\u00ebs, rreth 600 milje detare nga Gaza, ku forcat izraelite nd\u00ebrhyn\u00eb kund\u00ebr anijeve q\u00eb transportonin aktivist\u00eb.<\/p>\n<p>Sipas organizator\u00ebve, forcat izraelite sekuestruan 21 anije nd\u00ebrsa 17 vazhduan t\u00eb hynin n\u00eb uj\u00ebrat greke dhe 14 t\u00eb tjera ende po lundronin drejt tyre n\u00eb koh\u00ebn e p\u00ebrdit\u00ebsimit t\u00eb fundit. Statusi i personave n\u00eb bord mbetet i paqart\u00eb.<\/p>\n<hr style=\"margin:30px 0\"\/>\n<p style=\"font-size:13px;color:#666\">Burimi: <strong>mesazhi<\/strong><\/p>\n","protected":false},"excerpt":{"rendered":"<p>Irlanda tha sot se disa anije nga Flotilja Globale &#8220;Sumud&#8221; q\u00eb shkonte p\u00ebr n\u00eb Gaza u ndaluan dhe se disa shtetas irlandez\u00eb jan\u00eb ndaluar pas nj\u00eb operacioni izraelit q\u00eb synonte konvojin, transmeton Anadolu. Zyrtar\u00ebt e Departamentit t\u00eb Pun\u00ebve t\u00eb Jashtme dhe Tregtis\u00eb than\u00eb se po e monitorojn\u00eb situat\u00ebn nga af\u00ebr dhe po bashk\u00ebpunojn\u00eb me autoritetet [&hellip;]<\/p>\n","protected":false},"author":1,"featured_media":108327,"comment_status":"open","ping_status":"open","sticky":false,"template":"","format":"standard","meta":{"footnotes":""},"categories":[24],"tags":[3803],"class_list":["post-108328","post","type-post","status-publish","format-standard","has-post-thumbnail","hentry","category-bote","tag-aktuale"],"_links":{"self":[{"href":"https:\/\/prizrenpost.com\/al\/wp-json\/wp\/v2\/posts\/108328","targetHints":{"allow":["GET"]}}],"collection":[{"href":"https:\/\/prizrenpost.com\/al\/wp-json\/wp\/v2\/posts"}],"about":[{"href":"https:\/\/prizrenpost.com\/al\/wp-json\/wp\/v2\/types\/post"}],"author":[{"embeddable":true,"href":"https:\/\/prizrenpost.com\/al\/wp-json\/wp\/v2\/users\/1"}],"replies":[{"embeddable":true,"href":"https:\/\/prizrenpost.com\/al\/wp-json\/wp\/v2\/comments?post=108328"}],"version-history":[{"count":0,"href":"https:\/\/prizrenpost.com\/al\/wp-json\/wp\/v2\/posts\/108328\/revisions"}],"wp:featuredmedia":[{"embeddable":true,"href":"https:\/\/prizrenpost.com\/al\/wp-json\/wp\/v2\/media\/108327"}],"wp:attachment":[{"href":"https:\/\/prizrenpost.com\/al\/wp-json\/wp\/v2\/media?parent=108328"}],"wp:term":[{"taxonomy":"category","embeddable":true,"href":"https:\/\/prizrenpost.com\/al\/wp-json\/wp\/v2\/categories?post=108328"},{"taxonomy":"post_tag","embeddable":true,"href":"https:\/\/prizrenpost.com\/al\/wp-json\/wp\/v2\/tags?post=108328"}],"curies":[{"name":"wp","href":"https:\/\/api.w.org\/{rel}","templated":true}]}}