{"id":108330,"date":"2026-04-30T19:05:15","date_gmt":"2026-04-30T16:05:15","guid":{"rendered":"https:\/\/prizrenpost.com\/al\/britania-perpjekjet-per-te-derguar-ndihma-nga-deti-tregojne-situaten-e-rende-humanitare-ne-gaza\/"},"modified":"2026-04-30T19:05:15","modified_gmt":"2026-04-30T16:05:15","slug":"britania-perpjekjet-per-te-derguar-ndihma-nga-deti-tregojne-situaten-e-rende-humanitare-ne-gaza","status":"publish","type":"post","link":"https:\/\/prizrenpost.com\/al\/britania-perpjekjet-per-te-derguar-ndihma-nga-deti-tregojne-situaten-e-rende-humanitare-ne-gaza\/","title":{"rendered":"Britania: P\u00ebrpjekjet p\u00ebr t\u00eb d\u00ebrguar ndihma nga deti tregojn\u00eb situat\u00ebn e r\u00ebnd\u00eb humanitare n\u00eb Gaza"},"content":{"rendered":"<figure class=\"post-featured-image\"><img decoding=\"async\" src=\"https:\/\/prizrenpost.com\/al\/wp-content\/uploads\/2026\/04\/thumbs_b_c_d6288c38f7eac0d5cff3336b19b15264.jpg\" alt=\"Britania: P\u00ebrpjekjet p\u00ebr t\u00eb d\u00ebrguar ndihma nga deti tregojn\u00eb situat\u00ebn e r\u00ebnd\u00eb humanitare n\u00eb Gaza\"\/><\/figure>\n<p>Zyra e Jashtme e Mbret\u00ebris\u00eb s\u00eb Bashkuar tha sot se p\u00ebrpjekjet p\u00ebr t\u00eb d\u00ebrguar ndihma n\u00eb Gaza tregojn\u00eb \u201csituat\u00ebn e r\u00ebnd\u00eb humanitare\u201d n\u00eb enklav\u00eb, pas nd\u00ebrhyrjes s\u00eb Izraelit ndaj Flotiljes Globale \u201cSumud\u201d.<\/p>\n<p>N\u00eb nj\u00eb p\u00ebrgjigje me shkrim ndaj nj\u00eb pyetjeje nga Anadolu lidhur me nd\u00ebrhyrjen ndaj flotiljes, nj\u00eb z\u00ebdh\u00ebn\u00ebs i Zyr\u00ebs p\u00ebr Pun\u00eb t\u00eb Jashtme, Komonuelth dhe Zhvillim tha se Mbret\u00ebria e Bashkuar \u00ebsht\u00eb n\u00eb kontakt t\u00eb ngusht\u00eb me autoritetet izraelite \u201cme pritjen q\u00eb situata t\u00eb zgjidhet n\u00eb m\u00ebnyr\u00eb t\u00eb sigurt dhe n\u00eb p\u00ebrputhje me t\u00eb drejt\u00ebn nd\u00ebrkomb\u00ebtare\u201d.<\/p>\n<p>\u201cP\u00ebrpjekjet p\u00ebr t\u00eb d\u00ebrguar ndihma me rrug\u00eb detare tregojn\u00eb situat\u00ebn e r\u00ebnd\u00eb humanitare n\u00eb Gaza\u201d, tha z\u00ebdh\u00ebn\u00ebsi. \u201cIzraeli duhet t\u00eb b\u00ebj\u00eb m\u00eb shum\u00eb p\u00ebr t\u00eb lejuar hyrjen e ndihmave t\u00eb mjaftueshme n\u00eb Gaza, n\u00eb p\u00ebrputhje me objektivat minimale t\u00eb dakorduara t\u00eb p\u00ebrcaktuara n\u00eb planin 20-pik\u00ebsh\u201d, shtoi ai.<\/p>\n<p>Ministria e Jashtme e Izraelit tha se forcat detare kan\u00eb ndaluar dhe sekuestruar m\u00eb shum\u00eb se 20 anije nga Flotilja Global \u201cSumud\u201d n\u00eb uj\u00ebrat nd\u00ebrkomb\u00ebtare t\u00eb Detit Mesdhe dhe kan\u00eb ndaluar rreth 175 aktivist\u00eb n\u00eb bord. Ngjarja ndodhi pran\u00eb ishullit grek t\u00eb Kret\u00ebs, qindra milje detare larg Izraelit.<\/p>\n<p>Flotilja, q\u00eb transportonte ndihma humanitare, ishte nisur dy jav\u00eb m\u00eb par\u00eb nga ishulli italian i Si\u00e7ilis\u00eb, me gjithsej 58 anije q\u00eb synonin t\u00eb thyenin bllokad\u00ebn shum\u00ebvje\u00e7are t\u00eb Izraelit ndaj Gaz\u00ebs.<\/p>\n<p>Izraeli ka vendosur nj\u00eb bllokad\u00eb t\u00eb r\u00ebnd\u00eb mbi Rripin e Gaz\u00ebs q\u00eb nga viti 2007, duke e l\u00ebn\u00eb popullsin\u00eb prej rreth 2.4 milion\u00eb banor\u00ebsh n\u00eb prag t\u00eb uris\u00eb. Ushtria izraelite nisi nj\u00eb ofensiv\u00eb brutale dyvje\u00e7are n\u00eb Gaza n\u00eb tetor 2023, duke vrar\u00eb mbi 72 mij\u00eb njer\u00ebz, plagosur mbi 172 mij\u00eb t\u00eb tjer\u00eb dhe duke shkaktuar shkat\u00ebrrim t\u00eb madh n\u00eb territorin e rrethuar.<\/p>\n<hr style=\"margin:30px 0\"\/>\n<p style=\"font-size:13px;color:#666\">Burimi: <strong>mesazhi<\/strong><\/p>\n","protected":false},"excerpt":{"rendered":"<p>Zyra e Jashtme e Mbret\u00ebris\u00eb s\u00eb Bashkuar tha sot se p\u00ebrpjekjet p\u00ebr t\u00eb d\u00ebrguar ndihma n\u00eb Gaza tregojn\u00eb \u201csituat\u00ebn e r\u00ebnd\u00eb humanitare\u201d n\u00eb enklav\u00eb, pas nd\u00ebrhyrjes s\u00eb Izraelit ndaj Flotiljes Globale \u201cSumud\u201d. N\u00eb nj\u00eb p\u00ebrgjigje me shkrim ndaj nj\u00eb pyetjeje nga Anadolu lidhur me nd\u00ebrhyrjen ndaj flotiljes, nj\u00eb z\u00ebdh\u00ebn\u00ebs i Zyr\u00ebs p\u00ebr Pun\u00eb t\u00eb Jashtme, [&hellip;]<\/p>\n","protected":false},"author":1,"featured_media":108329,"comment_status":"open","ping_status":"open","sticky":false,"template":"","format":"standard","meta":{"footnotes":""},"categories":[24],"tags":[3803],"class_list":["post-108330","post","type-post","status-publish","format-standard","has-post-thumbnail","hentry","category-bote","tag-aktuale"],"_links":{"self":[{"href":"https:\/\/prizrenpost.com\/al\/wp-json\/wp\/v2\/posts\/108330","targetHints":{"allow":["GET"]}}],"collection":[{"href":"https:\/\/prizrenpost.com\/al\/wp-json\/wp\/v2\/posts"}],"about":[{"href":"https:\/\/prizrenpost.com\/al\/wp-json\/wp\/v2\/types\/post"}],"author":[{"embeddable":true,"href":"https:\/\/prizrenpost.com\/al\/wp-json\/wp\/v2\/users\/1"}],"replies":[{"embeddable":true,"href":"https:\/\/prizrenpost.com\/al\/wp-json\/wp\/v2\/comments?post=108330"}],"version-history":[{"count":0,"href":"https:\/\/prizrenpost.com\/al\/wp-json\/wp\/v2\/posts\/108330\/revisions"}],"wp:featuredmedia":[{"embeddable":true,"href":"https:\/\/prizrenpost.com\/al\/wp-json\/wp\/v2\/media\/108329"}],"wp:attachment":[{"href":"https:\/\/prizrenpost.com\/al\/wp-json\/wp\/v2\/media?parent=108330"}],"wp:term":[{"taxonomy":"category","embeddable":true,"href":"https:\/\/prizrenpost.com\/al\/wp-json\/wp\/v2\/categories?post=108330"},{"taxonomy":"post_tag","embeddable":true,"href":"https:\/\/prizrenpost.com\/al\/wp-json\/wp\/v2\/tags?post=108330"}],"curies":[{"name":"wp","href":"https:\/\/api.w.org\/{rel}","templated":true}]}}