{"id":108334,"date":"2026-04-30T19:45:15","date_gmt":"2026-04-30T16:45:15","guid":{"rendered":"https:\/\/prizrenpost.com\/al\/kryeministri-malajzian-denon-veprimet-e-dhunshme-te-izraelit-sionist-ndaj-flotiljes-per-ne-gaza\/"},"modified":"2026-04-30T19:45:15","modified_gmt":"2026-04-30T16:45:15","slug":"kryeministri-malajzian-denon-veprimet-e-dhunshme-te-izraelit-sionist-ndaj-flotiljes-per-ne-gaza","status":"publish","type":"post","link":"https:\/\/prizrenpost.com\/al\/kryeministri-malajzian-denon-veprimet-e-dhunshme-te-izraelit-sionist-ndaj-flotiljes-per-ne-gaza\/","title":{"rendered":"Kryeministri malajzian d\u00ebnon \u201cveprimet e dhunshme t\u00eb Izraelit sionist\u201d ndaj flotiljes p\u00ebr n\u00eb Gaza"},"content":{"rendered":"<figure class=\"post-featured-image\"><img decoding=\"async\" src=\"https:\/\/prizrenpost.com\/al\/wp-content\/uploads\/2026\/04\/Kryeministri-malajzian.jpg\" alt=\"Kryeministri malajzian d\u00ebnon \u201cveprimet e dhunshme t\u00eb Izraelit sionist\u201d ndaj flotiljes p\u00ebr n\u00eb Gaza\"\/><\/figure>\n<p>Kryeministri i Malajzis\u00eb, Anwar Ibrahim d\u00ebnoi sot at\u00eb q\u00eb ai e p\u00ebrshkroi si &#8220;veprime t\u00eb dhunshme t\u00eb Izraelit sionist&#8221; kund\u00ebr flotiljes humanitare q\u00eb shkonte n\u00eb Gaza, duke b\u00ebr\u00eb thirrje p\u00ebr sigurin\u00eb dhe lirimin e menj\u00ebhersh\u00ebm t\u00eb aktivist\u00ebve t\u00eb ndaluar, transmeton Anadolu.<\/p>\n<p>N\u00eb nj\u00eb deklarat\u00eb p\u00ebrmes kompanis\u00eb amerikane t\u00eb mediave sociale X, Anwar denoncoi interceptimin izraelit ndaj Flotiljes Globale &#8220;Sumud&#8221; n\u00eb uj\u00ebrat nd\u00ebrkomb\u00ebtare, duke akuzuar Izraelin p\u00ebr shkelje t\u00eb ligjit detar dhe minimizimin e parimeve humanitare.<\/p>\n<p>&#8220;D\u00ebnoj veprimet e dhunshme t\u00eb regjimit sionist t\u00eb Izraelit kund\u00ebr misionit humanitar t\u00eb Flotiljes Globale &#8216;Sumud&#8217; n\u00eb uj\u00ebrat nd\u00ebrkomb\u00ebtare, nj\u00eb shkelje e qart\u00eb e ligjit detar dhe nj\u00eb akt q\u00eb i ngjan pirateris\u00eb q\u00eb njollos parimet e njer\u00ebzimit universal&#8221;, tha ai.<\/p>\n<p>Anwar shtoi se incidenti i ngjan &#8220;akteve pirate&#8221; dhe u b\u00ebri thirrje t\u00eb gjitha pal\u00ebve t\u00eb shmangin masat e ashpra kund\u00ebr atyre q\u00eb ishin n\u00eb bord.<\/p>\n<p>Malajzia ka k\u00ebrkuar q\u00eb siguria e t\u00eb gjith\u00eb aktivist\u00ebve t\u00eb garantohet, p\u00ebrfshir\u00eb 10 shtetas malajzian\u00eb q\u00eb thuhet se jan\u00eb ndaluar dhe u \u00ebsht\u00eb nd\u00ebrprer\u00eb komunikimi. Anwar tha se qeveria po koordinohet n\u00eb m\u00ebnyr\u00eb aktive me vendet aleate p\u00ebr t\u00eb siguruar lirimin e tyre t\u00eb shpejt\u00eb.<\/p>\n<p>\u201cNuk do t\u00eb rrim\u00eb duarkryq\u201d, tha ai duke shtuar se administrata po punon n\u00ebp\u00ebrmjet kanaleve diplomatike p\u00ebr t\u00eb zgjidhur situat\u00ebn. Kryeministri zbuloi se kishte qen\u00eb n\u00eb kontakt me autoritetet p\u00ebrkat\u00ebse p\u00ebr t\u00eb marr\u00eb p\u00ebrdit\u00ebsime mbi individ\u00ebt e ndaluar.<\/p>\n<p>Ai akuzoi Izraelin se ka vepruar \u201cbarbarisht\u201d duke synuar nj\u00eb mision q\u00eb synon dh\u00ebnien e ndihm\u00ebs palestinez\u00ebve n\u00eb Gaza, t\u00eb cil\u00ebt vazhdojn\u00eb t\u00eb p\u00ebrballen me kushte t\u00eb r\u00ebnda humanitare.<\/p>\n<p>Marina izraelite nd\u00ebrpreu anijet nga flotilja t\u00eb m\u00ebrkur\u00ebn von\u00eb nd\u00ebrsa ato po shkonin drejt Gaz\u00ebs p\u00ebr t\u00eb thyer nj\u00eb bllokad\u00eb t\u00eb gjat\u00eb n\u00eb enklav\u00eb. Grupi tha se forcat izraelite rrethuan konvojin n\u00eb uj\u00ebrat nd\u00ebrkomb\u00ebtare pran\u00eb ishullit grek t\u00eb Kret\u00ebs, bllokuan komunikimet dhe sekuestruan 21 anije, duke shtuar se 17 anije arrit\u00ebn t\u00eb shp\u00ebtonin dhe t\u00eb hynin n\u00eb uj\u00ebrat greke pas incidentit.<\/p>\n<p>Flotilja, q\u00eb mbante ndihm\u00eb humanitare p\u00ebr Gaz\u00ebn, synon t\u00eb thyej\u00eb bllokad\u00ebn e Izraelit dhe t\u00eb hap\u00eb nj\u00eb korridor humanitar nga deti. L\u00ebvizja erdhi disa or\u00eb pasi mediat hebraike raportuan se Izraeli po p\u00ebrgatitej t\u00eb nd\u00ebrpres\u00eb flotiljen, e cila p\u00ebrfshin rreth 100 anije n\u00eb total q\u00eb transportonin gati 1.000 aktivist\u00eb nga disa vende.<\/p>\n<p>Izraeli ka vendosur bllokad\u00eb n\u00eb Rripin e Gaz\u00ebs q\u00eb nga viti 2007, duke l\u00ebn\u00eb rreth 1.5 milion nga af\u00ebrsisht 2.4 milion\u00eb palestinez\u00eb t\u00eb pastreh\u00eb, pasi sht\u00ebpit\u00eb e tyre u shkat\u00ebrruan gjat\u00eb luft\u00ebs.<\/p>\n<hr style=\"margin:30px 0\"\/>\n<p style=\"font-size:13px;color:#666\">Burimi: <strong>mesazhi<\/strong><\/p>\n","protected":false},"excerpt":{"rendered":"<p>Kryeministri i Malajzis\u00eb, Anwar Ibrahim d\u00ebnoi sot at\u00eb q\u00eb ai e p\u00ebrshkroi si &#8220;veprime t\u00eb dhunshme t\u00eb Izraelit sionist&#8221; kund\u00ebr flotiljes humanitare q\u00eb shkonte n\u00eb Gaza, duke b\u00ebr\u00eb thirrje p\u00ebr sigurin\u00eb dhe lirimin e menj\u00ebhersh\u00ebm t\u00eb aktivist\u00ebve t\u00eb ndaluar, transmeton Anadolu. N\u00eb nj\u00eb deklarat\u00eb p\u00ebrmes kompanis\u00eb amerikane t\u00eb mediave sociale X, Anwar denoncoi interceptimin izraelit [&hellip;]<\/p>\n","protected":false},"author":1,"featured_media":108333,"comment_status":"open","ping_status":"open","sticky":false,"template":"","format":"standard","meta":{"footnotes":""},"categories":[24],"tags":[3803],"class_list":["post-108334","post","type-post","status-publish","format-standard","has-post-thumbnail","hentry","category-bote","tag-aktuale"],"_links":{"self":[{"href":"https:\/\/prizrenpost.com\/al\/wp-json\/wp\/v2\/posts\/108334","targetHints":{"allow":["GET"]}}],"collection":[{"href":"https:\/\/prizrenpost.com\/al\/wp-json\/wp\/v2\/posts"}],"about":[{"href":"https:\/\/prizrenpost.com\/al\/wp-json\/wp\/v2\/types\/post"}],"author":[{"embeddable":true,"href":"https:\/\/prizrenpost.com\/al\/wp-json\/wp\/v2\/users\/1"}],"replies":[{"embeddable":true,"href":"https:\/\/prizrenpost.com\/al\/wp-json\/wp\/v2\/comments?post=108334"}],"version-history":[{"count":0,"href":"https:\/\/prizrenpost.com\/al\/wp-json\/wp\/v2\/posts\/108334\/revisions"}],"wp:featuredmedia":[{"embeddable":true,"href":"https:\/\/prizrenpost.com\/al\/wp-json\/wp\/v2\/media\/108333"}],"wp:attachment":[{"href":"https:\/\/prizrenpost.com\/al\/wp-json\/wp\/v2\/media?parent=108334"}],"wp:term":[{"taxonomy":"category","embeddable":true,"href":"https:\/\/prizrenpost.com\/al\/wp-json\/wp\/v2\/categories?post=108334"},{"taxonomy":"post_tag","embeddable":true,"href":"https:\/\/prizrenpost.com\/al\/wp-json\/wp\/v2\/tags?post=108334"}],"curies":[{"name":"wp","href":"https:\/\/api.w.org\/{rel}","templated":true}]}}