{"id":108346,"date":"2026-04-30T21:35:16","date_gmt":"2026-04-30T18:35:16","guid":{"rendered":"https:\/\/prizrenpost.com\/al\/serbia-dhe-cekia-paralajmerojne-forcimin-e-bashkepunimit-ne-shume-fusha\/"},"modified":"2026-04-30T21:35:16","modified_gmt":"2026-04-30T18:35:16","slug":"serbia-dhe-cekia-paralajmerojne-forcimin-e-bashkepunimit-ne-shume-fusha","status":"publish","type":"post","link":"https:\/\/prizrenpost.com\/al\/serbia-dhe-cekia-paralajmerojne-forcimin-e-bashkepunimit-ne-shume-fusha\/","title":{"rendered":"Serbia dhe \u00c7ekia paralajm\u00ebrojn\u00eb forcimin e bashk\u00ebpunimit n\u00eb shum\u00eb fusha"},"content":{"rendered":"<figure class=\"post-featured-image\"><img decoding=\"async\" src=\"https:\/\/prizrenpost.com\/al\/wp-content\/uploads\/2026\/04\/thumbs_b_c_f11da88212ff02dfccc533d8eee8e741.jpg\" alt=\"Serbia dhe \u00c7ekia paralajm\u00ebrojn\u00eb forcimin e bashk\u00ebpunimit n\u00eb shum\u00eb fusha\"\/><\/figure>\n<p>Presidenti i Serbis\u00eb, Aleksandar Vu\u00e7iq u takua n\u00eb Beograd me kryetarin e Dhom\u00ebs s\u00eb P\u00ebrfaq\u00ebsuesve t\u00eb Parlamentit t\u00eb \u00c7ekis\u00eb, Tomio Okamura, me t\u00eb cilin bisedoi p\u00ebr avancimin e marr\u00ebdh\u00ebnieve dypal\u00ebshe dhe forcimin e bashk\u00ebpunimit parlamentar, raporton Anadolu.<\/p>\n<p>Vu\u00e7iq theksoi se gjat\u00eb takimit u shqyrtuan t\u00eb gjitha temat me r\u00ebnd\u00ebsi p\u00ebr t\u00eb dy vendet, duke n\u00ebnvizuar se bashk\u00ebpunimi ekonomik n\u00eb vitet e fundit \u00ebsht\u00eb zhvilluar n\u00eb m\u00ebnyr\u00eb dinamike, me rritje t\u00eb shk\u00ebmbimit tregtar, tregtis\u00eb s\u00eb sh\u00ebrbimeve dhe hyrjes s\u00eb investimeve \u00e7eke.<\/p>\n<p>Ai theksoi se t\u00eb dyja pal\u00ebt do t\u00eb vazhdojn\u00eb t\u00eb avancojn\u00eb bashk\u00ebpunimin n\u00eb fushat e energjis\u00eb dhe minierave, transportit dhe infrastruktur\u00ebs, bujq\u00ebsis\u00eb, turizmit dhe industris\u00eb automobilistike.<\/p>\n<p>Vu\u00e7iq shtoi se me Okamur\u00ebn ka biseduar edhe p\u00ebr rrug\u00ebn evropiane t\u00eb Serbis\u00eb dhe fal\u00ebnderoi Republik\u00ebn \u00c7eke p\u00ebr mb\u00ebshtetjen e vazhdueshme si n\u00eb m\u00ebnyr\u00eb bilaterale ashtu edhe n\u00eb kuad\u00ebr t\u00eb iniciativave evropiane q\u00eb mb\u00ebshtesin zgjerimin dhe stabilitetin e Ballkanit Per\u00ebndimor.<\/p>\n<p>Vu\u00e7iq shprehu mir\u00ebnjohje edhe p\u00ebr, si\u00e7 tha, mir\u00ebkuptimin &#8220;p\u00ebr situat\u00ebn n\u00eb Kosov\u00eb&#8221; si dhe p\u00ebr q\u00ebndrimin miq\u00ebsor ndaj popullit serb. Gjat\u00eb takimit, presidenti serb i prezantoi Okamur\u00ebs edhe projektin &#8220;Beogradi n\u00eb uj\u00eb&#8221;, t\u00eb cilin e p\u00ebrshkroi si simbol t\u00eb modernizimit t\u00eb p\u00ebrshpejtuar t\u00eb kryeqytetit.<\/p>\n<p>Ai shtoi se Serbia mir\u00ebpret vendimin e Republik\u00ebs \u00c7eke p\u00ebr pjes\u00ebmarrje n\u00eb &#8220;EXPO 2027&#8221;, duke e vler\u00ebsuar k\u00ebt\u00eb si konfirmim t\u00eb marr\u00ebdh\u00ebnieve t\u00eb mira dhe p\u00ebrkushtimit t\u00eb p\u00ebrbashk\u00ebt p\u00ebr forcimin e lidhjeve ekonomike, inovative dhe kulturore.<\/p>\n<hr style=\"margin:30px 0\"\/>\n<p style=\"font-size:13px;color:#666\">Burimi: <strong>mesazhi<\/strong><\/p>\n","protected":false},"excerpt":{"rendered":"<p>Presidenti i Serbis\u00eb, Aleksandar Vu\u00e7iq u takua n\u00eb Beograd me kryetarin e Dhom\u00ebs s\u00eb P\u00ebrfaq\u00ebsuesve t\u00eb Parlamentit t\u00eb \u00c7ekis\u00eb, Tomio Okamura, me t\u00eb cilin bisedoi p\u00ebr avancimin e marr\u00ebdh\u00ebnieve dypal\u00ebshe dhe forcimin e bashk\u00ebpunimit parlamentar, raporton Anadolu. Vu\u00e7iq theksoi se gjat\u00eb takimit u shqyrtuan t\u00eb gjitha temat me r\u00ebnd\u00ebsi p\u00ebr t\u00eb dy vendet, duke n\u00ebnvizuar [&hellip;]<\/p>\n","protected":false},"author":1,"featured_media":108345,"comment_status":"open","ping_status":"open","sticky":false,"template":"","format":"standard","meta":{"footnotes":""},"categories":[24],"tags":[3803],"class_list":["post-108346","post","type-post","status-publish","format-standard","has-post-thumbnail","hentry","category-bote","tag-aktuale"],"_links":{"self":[{"href":"https:\/\/prizrenpost.com\/al\/wp-json\/wp\/v2\/posts\/108346","targetHints":{"allow":["GET"]}}],"collection":[{"href":"https:\/\/prizrenpost.com\/al\/wp-json\/wp\/v2\/posts"}],"about":[{"href":"https:\/\/prizrenpost.com\/al\/wp-json\/wp\/v2\/types\/post"}],"author":[{"embeddable":true,"href":"https:\/\/prizrenpost.com\/al\/wp-json\/wp\/v2\/users\/1"}],"replies":[{"embeddable":true,"href":"https:\/\/prizrenpost.com\/al\/wp-json\/wp\/v2\/comments?post=108346"}],"version-history":[{"count":0,"href":"https:\/\/prizrenpost.com\/al\/wp-json\/wp\/v2\/posts\/108346\/revisions"}],"wp:featuredmedia":[{"embeddable":true,"href":"https:\/\/prizrenpost.com\/al\/wp-json\/wp\/v2\/media\/108345"}],"wp:attachment":[{"href":"https:\/\/prizrenpost.com\/al\/wp-json\/wp\/v2\/media?parent=108346"}],"wp:term":[{"taxonomy":"category","embeddable":true,"href":"https:\/\/prizrenpost.com\/al\/wp-json\/wp\/v2\/categories?post=108346"},{"taxonomy":"post_tag","embeddable":true,"href":"https:\/\/prizrenpost.com\/al\/wp-json\/wp\/v2\/tags?post=108346"}],"curies":[{"name":"wp","href":"https:\/\/api.w.org\/{rel}","templated":true}]}}