{"id":108348,"date":"2026-04-30T21:45:15","date_gmt":"2026-04-30T18:45:15","guid":{"rendered":"https:\/\/prizrenpost.com\/al\/italia-denon-ndalimin-e-flotiljes-nga-izraeli-te-lirohen-menjehere-aktivistet-tane\/"},"modified":"2026-04-30T21:45:15","modified_gmt":"2026-04-30T18:45:15","slug":"italia-denon-ndalimin-e-flotiljes-nga-izraeli-te-lirohen-menjehere-aktivistet-tane","status":"publish","type":"post","link":"https:\/\/prizrenpost.com\/al\/italia-denon-ndalimin-e-flotiljes-nga-izraeli-te-lirohen-menjehere-aktivistet-tane\/","title":{"rendered":"Italia d\u00ebnon ndalimin e flotiljes nga Izraeli: T\u00eb lirohen menj\u00ebher\u00eb aktivist\u00ebt tan\u00eb"},"content":{"rendered":"<figure class=\"post-featured-image\"><img decoding=\"async\" src=\"https:\/\/prizrenpost.com\/al\/wp-content\/uploads\/2026\/04\/flotilja-e-ndihmes-per-Gazen-4.jpg\" alt=\"Italia d\u00ebnon ndalimin e flotiljes nga Izraeli: T\u00eb lirohen menj\u00ebher\u00eb aktivist\u00ebt tan\u00eb\"\/><\/figure>\n<p>Qeveria e Italis\u00eb d\u00ebnoi sot sekuestrimin nga forcat izraelite t\u00eb anijeve q\u00eb i p\u00ebrkisnin Flotiljes Globale &#8220;Sumud&#8221; dhe b\u00ebri thirrje p\u00ebr lirimin e menj\u00ebhersh\u00ebm t\u00eb aktivist\u00ebve italian\u00eb t\u00eb ndaluar ilegalisht gjat\u00eb operacionit, transmeton Anadolu.<\/p>\n<p>N\u00eb nj\u00eb deklarat\u00eb t\u00eb shkurt\u00ebr, qeveria konservatore e udh\u00ebhequr nga kryeministrja Giorgia Meloni i k\u00ebrkoi Izraelit t\u00eb &#8220;respektoj\u00eb plot\u00ebsisht ligjin nd\u00ebrkomb\u00ebtar&#8221; dhe t\u00eb garantoj\u00eb sigurin\u00eb e atyre q\u00eb ishin n\u00eb bord. Organizator\u00ebt e flotiljes than\u00eb se anijet u kap\u00ebn gjat\u00eb nat\u00ebs n\u00eb uj\u00ebrat nd\u00ebrkomb\u00ebtare pran\u00eb Greqis\u00eb.<\/p>\n<p>Media italiane raportoi se rreth 24 italian\u00eb jan\u00eb midis atyre q\u00eb u mor\u00ebn n\u00eb paraburgim. Qeveria e Melonit tha se mbetet e p\u00ebrkushtuar p\u00ebr t\u00eb ofruar ndihm\u00eb humanitare n\u00eb Rripin e Gaz\u00ebs &#8220;brenda kuadrit t\u00eb bashk\u00ebpunimit nd\u00ebrkomb\u00ebtar dhe n\u00eb p\u00ebrputhje me ligjin nd\u00ebrkomb\u00ebtar&#8221;.<\/p>\n<p>Flotilja tha se forcat izraelite sekuestruan 21 anije t\u00eb m\u00ebrkur\u00ebn n\u00eb mbr\u00ebmje disa milje larg uj\u00ebrave territoriale t\u00eb Greqis\u00eb nd\u00ebrsa 17 t\u00eb tjera u arratis\u00ebn dhe arrit\u00ebn n\u00eb uj\u00ebrat greke. Grupi thot\u00eb se misioni po transporton ndihm\u00eb humanitare n\u00eb Gaza dhe synon t\u00eb sfidoj\u00eb bllokad\u00ebn detare t\u00eb Izraelit ndaj territorit.<\/p>\n<p>Ministria e Jashtme e Izraelit tha n\u00eb kompanin\u00eb e mediave sociale X se rreth 175 aktivist\u00eb nga m\u00eb shum\u00eb se 20 anije t\u00eb flotiljes po &#8220;shkonin n\u00eb m\u00ebnyr\u00eb paq\u00ebsore drejt Izraelit&#8221;.<\/p>\n<p>Dega italiane e flotiljes e p\u00ebrshkroi operacionin si nj\u00eb &#8220;nd\u00ebrhyrje t\u00eb armatosur n\u00eb uj\u00ebrat nd\u00ebrkomb\u00ebtare&#8221;, duke e quajtur at\u00eb nj\u00eb shkelje t\u00eb s\u00eb drejt\u00ebs nd\u00ebrkomb\u00ebtare dhe duke i k\u00ebrkuar Rom\u00ebs dhe Bashkimit Evropian t\u00eb nd\u00ebrmarrin hapa diplomatik\u00eb.<\/p>\n<p>Ministri i Jasht\u00ebm italian, Antonio Tajani tha sot se kishte udh\u00ebzuar nj\u00ebsin\u00eb e kriz\u00ebs s\u00eb Italis\u00eb dhe ambasadat e saj n\u00eb Tel Aviv dhe Athin\u00eb t\u00eb k\u00ebrkonin sqarime nga autoritetet izraelite dhe greke si dhe t\u00eb merrnin masat e nevojshme p\u00ebr t\u00eb mbrojtur qytetar\u00ebt italian\u00eb t\u00eb p\u00ebrfshir\u00eb.<\/p>\n<p>Organizator\u00ebt than\u00eb se rreth 60 anije dhe af\u00ebrsisht 1.000 aktivist\u00eb po marrin pjes\u00eb n\u00eb flotilje, e cila u nis jav\u00ebt e fundit nga portet, p\u00ebrfshir\u00eb Marsej\u00ebn dhe Barcelon\u00ebn n\u00eb Spanj\u00eb dhe Sirakuz\u00ebn n\u00eb Si\u00e7ili. Nj\u00eb p\u00ebrpjekje e m\u00ebparshme vitin e kaluar p\u00ebrfundoi pasi forcat izraelite kap\u00ebn anijet n\u00eb uj\u00ebrat nd\u00ebrkomb\u00ebtare dhe deportuan qindra aktivist\u00eb.<\/p>\n<p>Incidenti i ri vjen mes nj\u00eb arm\u00ebpushimi t\u00eb brisht\u00eb midis Izraelit dhe Hamasit t\u00eb arritur n\u00eb tetor 2025, i cili zyrtarisht i dha fund m\u00eb shum\u00eb se dy viteve luftime n\u00eb Gaza. Luftimet n\u00eb shkall\u00eb t\u00eb gjer\u00eb jan\u00eb qet\u00ebsuar nd\u00ebrsa dhuna sporadike dhe mosmarr\u00ebveshjet mbi shp\u00ebrndarjen e ndihm\u00ebs, t\u00ebrheqjet e trupave dhe qeverisjen e Gaz\u00ebs pas luft\u00ebs kan\u00eb vazhduar, duke ngadal\u00ebsuar p\u00ebrpjekjet p\u00ebr t\u00eb \u00e7uar p\u00ebrpara fazat e ardhshme t\u00eb marr\u00ebveshjes.<\/p>\n<hr style=\"margin:30px 0\"\/>\n<p style=\"font-size:13px;color:#666\">Burimi: <strong>mesazhi<\/strong><\/p>\n","protected":false},"excerpt":{"rendered":"<p>Qeveria e Italis\u00eb d\u00ebnoi sot sekuestrimin nga forcat izraelite t\u00eb anijeve q\u00eb i p\u00ebrkisnin Flotiljes Globale &#8220;Sumud&#8221; dhe b\u00ebri thirrje p\u00ebr lirimin e menj\u00ebhersh\u00ebm t\u00eb aktivist\u00ebve italian\u00eb t\u00eb ndaluar ilegalisht gjat\u00eb operacionit, transmeton Anadolu. N\u00eb nj\u00eb deklarat\u00eb t\u00eb shkurt\u00ebr, qeveria konservatore e udh\u00ebhequr nga kryeministrja Giorgia Meloni i k\u00ebrkoi Izraelit t\u00eb &#8220;respektoj\u00eb plot\u00ebsisht ligjin nd\u00ebrkomb\u00ebtar&#8221; [&hellip;]<\/p>\n","protected":false},"author":1,"featured_media":108347,"comment_status":"open","ping_status":"open","sticky":false,"template":"","format":"standard","meta":{"footnotes":""},"categories":[24],"tags":[3803],"class_list":["post-108348","post","type-post","status-publish","format-standard","has-post-thumbnail","hentry","category-bote","tag-aktuale"],"_links":{"self":[{"href":"https:\/\/prizrenpost.com\/al\/wp-json\/wp\/v2\/posts\/108348","targetHints":{"allow":["GET"]}}],"collection":[{"href":"https:\/\/prizrenpost.com\/al\/wp-json\/wp\/v2\/posts"}],"about":[{"href":"https:\/\/prizrenpost.com\/al\/wp-json\/wp\/v2\/types\/post"}],"author":[{"embeddable":true,"href":"https:\/\/prizrenpost.com\/al\/wp-json\/wp\/v2\/users\/1"}],"replies":[{"embeddable":true,"href":"https:\/\/prizrenpost.com\/al\/wp-json\/wp\/v2\/comments?post=108348"}],"version-history":[{"count":0,"href":"https:\/\/prizrenpost.com\/al\/wp-json\/wp\/v2\/posts\/108348\/revisions"}],"wp:featuredmedia":[{"embeddable":true,"href":"https:\/\/prizrenpost.com\/al\/wp-json\/wp\/v2\/media\/108347"}],"wp:attachment":[{"href":"https:\/\/prizrenpost.com\/al\/wp-json\/wp\/v2\/media?parent=108348"}],"wp:term":[{"taxonomy":"category","embeddable":true,"href":"https:\/\/prizrenpost.com\/al\/wp-json\/wp\/v2\/categories?post=108348"},{"taxonomy":"post_tag","embeddable":true,"href":"https:\/\/prizrenpost.com\/al\/wp-json\/wp\/v2\/tags?post=108348"}],"curies":[{"name":"wp","href":"https:\/\/api.w.org\/{rel}","templated":true}]}}