{"id":108354,"date":"2026-04-30T22:45:16","date_gmt":"2026-04-30T19:45:16","guid":{"rendered":"https:\/\/prizrenpost.com\/al\/okb-ndalimi-i-flotiljes-drejt-gazes-nga-izraeli-eshte-jashtezakonisht-shqetesues\/"},"modified":"2026-04-30T22:45:16","modified_gmt":"2026-04-30T19:45:16","slug":"okb-ndalimi-i-flotiljes-drejt-gazes-nga-izraeli-eshte-jashtezakonisht-shqetesues","status":"publish","type":"post","link":"https:\/\/prizrenpost.com\/al\/okb-ndalimi-i-flotiljes-drejt-gazes-nga-izraeli-eshte-jashtezakonisht-shqetesues\/","title":{"rendered":"OKB: Ndalimi i flotiljes drejt Gaz\u00ebs nga Izraeli \u00ebsht\u00eb \u201cjasht\u00ebzakonisht shqet\u00ebsues\u201d"},"content":{"rendered":"<figure class=\"post-featured-image\"><img decoding=\"async\" src=\"https:\/\/prizrenpost.com\/al\/wp-content\/uploads\/2026\/04\/thumbs_b_c_cb95c96ded3c558312b9da9d52e788bb.jpg\" alt=\"OKB: Ndalimi i flotiljes drejt Gaz\u00ebs nga Izraeli \u00ebsht\u00eb \u201cjasht\u00ebzakonisht shqet\u00ebsues\u201d\"\/><\/figure>\n<p>OKB-ja ka shprehur shqet\u00ebsim p\u00ebr ndalimin nga Izraeli t\u00eb flotiljes humanitare globale Sumud n\u00eb uj\u00ebra nd\u00ebrkomb\u00ebtare, duke u b\u00ebr\u00eb thirrje t\u00eb gjitha pal\u00ebve t\u00eb respektojn\u00eb t\u00eb drejt\u00ebn nd\u00ebrkomb\u00ebtare dhe t\u00eb lejojn\u00eb qasje m\u00eb t\u00eb gjer\u00eb humanitare, transmeton Anadolu.<\/p>\n<p>\u201cM\u00ebnyra se si u krye ky operacion \u00ebsht\u00eb jasht\u00ebzakonisht shqet\u00ebsuese. T\u00eb gjith\u00eb duhet t\u00eb ndjekin detyrimet e tyre sipas s\u00eb drejt\u00ebs nd\u00ebrkomb\u00ebtare\u201d, u tha gazetar\u00ebve z\u00ebdh\u00ebn\u00ebsi i OKB-s\u00eb, Stephane Dujarric.<\/p>\n<p>\u201cNuk duam q\u00eb askush t\u00eb d\u00ebmtohet, por le t\u00eb jemi t\u00eb sinqert\u00eb, zgjidhja p\u00ebr t\u00eb gjith\u00eb k\u00ebt\u00eb \u00ebsht\u00eb m\u00eb shum\u00eb qasje humanitare\u201d, shtoi ai.<\/p>\n<p>Ministria e Jashtme e Izraelit tha se forcat detare ndaluan dhe sekuestruan m\u00eb shum\u00eb se 20 anije t\u00eb Flotiljes Globale Sumud n\u00eb uj\u00ebra nd\u00ebrkomb\u00ebtare n\u00eb Detin Mesdhe dhe ndaluan rreth 175 aktivist\u00eb n\u00eb bord. Sulmi ndodhi pran\u00eb ishullit grek t\u00eb Kret\u00ebs, qindra milje detare (m\u00eb shum\u00eb se 1.000 kilometra) larg Izraelit.<\/p>\n<p>Flotilja, q\u00eb transportonte ndihma humanitare, u nis dy jav\u00eb m\u00eb par\u00eb nga ishulli italian i Sicilis\u00eb, me gjithsej 58 anije q\u00eb synonin t\u00eb thyenin bllokad\u00ebn shum\u00ebvje\u00e7are t\u00eb Izraelit ndaj Gaz\u00ebs.<\/p>\n<p>Izraeli ka vendosur nj\u00eb bllokad\u00eb mbi Rripin e Gaz\u00ebs q\u00eb nga viti 2007, duke e l\u00ebn\u00eb popullsin\u00eb prej 2.4 milion\u00eb banor\u00ebsh n\u00eb prag t\u00eb uris\u00eb.<\/p>\n<p>Ushtria izraelite nisi nj\u00eb ofensiv\u00eb dyvje\u00e7are n\u00eb Gaza n\u00eb tetor t\u00eb vitit 2023, duke vrar\u00eb m\u00eb shum\u00eb se 72 mij\u00eb persona, duke plagosur mbi 172 mij\u00eb dhe duke shkaktuar nj\u00eb shkat\u00ebrrim t\u00eb gjer\u00eb n\u00eb territor.<\/p>\n<hr style=\"margin:30px 0\"\/>\n<p style=\"font-size:13px;color:#666\">Burimi: <strong>mesazhi<\/strong><\/p>\n","protected":false},"excerpt":{"rendered":"<p>OKB-ja ka shprehur shqet\u00ebsim p\u00ebr ndalimin nga Izraeli t\u00eb flotiljes humanitare globale Sumud n\u00eb uj\u00ebra nd\u00ebrkomb\u00ebtare, duke u b\u00ebr\u00eb thirrje t\u00eb gjitha pal\u00ebve t\u00eb respektojn\u00eb t\u00eb drejt\u00ebn nd\u00ebrkomb\u00ebtare dhe t\u00eb lejojn\u00eb qasje m\u00eb t\u00eb gjer\u00eb humanitare, transmeton Anadolu. \u201cM\u00ebnyra se si u krye ky operacion \u00ebsht\u00eb jasht\u00ebzakonisht shqet\u00ebsuese. T\u00eb gjith\u00eb duhet t\u00eb ndjekin detyrimet e [&hellip;]<\/p>\n","protected":false},"author":1,"featured_media":108353,"comment_status":"open","ping_status":"open","sticky":false,"template":"","format":"standard","meta":{"footnotes":""},"categories":[24],"tags":[3803],"class_list":["post-108354","post","type-post","status-publish","format-standard","has-post-thumbnail","hentry","category-bote","tag-aktuale"],"_links":{"self":[{"href":"https:\/\/prizrenpost.com\/al\/wp-json\/wp\/v2\/posts\/108354","targetHints":{"allow":["GET"]}}],"collection":[{"href":"https:\/\/prizrenpost.com\/al\/wp-json\/wp\/v2\/posts"}],"about":[{"href":"https:\/\/prizrenpost.com\/al\/wp-json\/wp\/v2\/types\/post"}],"author":[{"embeddable":true,"href":"https:\/\/prizrenpost.com\/al\/wp-json\/wp\/v2\/users\/1"}],"replies":[{"embeddable":true,"href":"https:\/\/prizrenpost.com\/al\/wp-json\/wp\/v2\/comments?post=108354"}],"version-history":[{"count":0,"href":"https:\/\/prizrenpost.com\/al\/wp-json\/wp\/v2\/posts\/108354\/revisions"}],"wp:featuredmedia":[{"embeddable":true,"href":"https:\/\/prizrenpost.com\/al\/wp-json\/wp\/v2\/media\/108353"}],"wp:attachment":[{"href":"https:\/\/prizrenpost.com\/al\/wp-json\/wp\/v2\/media?parent=108354"}],"wp:term":[{"taxonomy":"category","embeddable":true,"href":"https:\/\/prizrenpost.com\/al\/wp-json\/wp\/v2\/categories?post=108354"},{"taxonomy":"post_tag","embeddable":true,"href":"https:\/\/prizrenpost.com\/al\/wp-json\/wp\/v2\/tags?post=108354"}],"curies":[{"name":"wp","href":"https:\/\/api.w.org\/{rel}","templated":true}]}}