{"id":108368,"date":"2026-05-01T00:30:13","date_gmt":"2026-04-30T21:30:13","guid":{"rendered":"https:\/\/prizrenpost.com\/al\/rezolute-ne-kongresin-amerikan-per-mbeshtetjen-e-anetaresimit-te-kosoves-ne-nato\/"},"modified":"2026-05-01T00:30:13","modified_gmt":"2026-04-30T21:30:13","slug":"rezolute-ne-kongresin-amerikan-per-mbeshtetjen-e-anetaresimit-te-kosoves-ne-nato","status":"publish","type":"post","link":"https:\/\/prizrenpost.com\/al\/rezolute-ne-kongresin-amerikan-per-mbeshtetjen-e-anetaresimit-te-kosoves-ne-nato\/","title":{"rendered":"Rezolut\u00eb n\u00eb Kongresin amerikan p\u00ebr mb\u00ebshtetjen e an\u00ebtar\u00ebsimit t\u00eb Kosov\u00ebs n\u00eb NATO"},"content":{"rendered":"<figure class=\"post-featured-image\"><img decoding=\"async\" src=\"https:\/\/prizrenpost.com\/al\/wp-content\/uploads\/2026\/05\/445074934_122191049486011792_5242818857741658725_n-750x375-1.jpg\" alt=\"Rezolut\u00eb n\u00eb Kongresin amerikan p\u00ebr mb\u00ebshtetjen e an\u00ebtar\u00ebsimit t\u00eb Kosov\u00ebs n\u00eb NATO\"\/><\/figure>\n<p>Kongresmeni Keith Self, s\u00eb bashku me kongresmen\u00ebt Ritchie Torres dhe Mike Lawler, kan\u00eb paraqitur n\u00eb Dhom\u00ebn e P\u00ebrfaq\u00ebsuesve nj\u00eb rezolut\u00eb q\u00eb shpreh mb\u00ebshtetje t\u00eb fuqishme p\u00ebr integrimin e Kosov\u00ebs n\u00eb Organizat\u00ebn e Traktatit t\u00eb Atlantikut t\u00eb Veriut (NATO).<\/p>\n<p>Kjo, sipas njoftimit t\u00eb publikuar n\u00eb faqen zyrtare t\u00eb kongresmenit Keith Self, synon t\u00eb theksoj\u00eb r\u00ebnd\u00ebsin\u00eb strategjike t\u00eb k\u00ebtij procesi.<\/p>\n<p>N\u00eb rezolut\u00eb thuhet se qeverisja demokratike e Kosov\u00ebs, kontrolli civil mbi forcat e siguris\u00eb dhe bashk\u00ebjetesa multietnike paraqesin nj\u00eb rast t\u00eb fort\u00eb p\u00ebr an\u00ebtar\u00ebsim n\u00eb NATO. Po ashtu, theksohet se, sipas njoftimit, n\u00eb kushtet kur aktor\u00eb armiq\u00ebsor\u00eb vazhdojn\u00eb t\u00eb destabilizojn\u00eb rajonin, an\u00ebtar\u00ebsimi i Kosov\u00ebs n\u00eb aleanc\u00eb do t\u00eb sh\u00ebrbente si kund\u00ebrpesh\u00eb p\u00ebr t\u00eb dekurajuar k\u00ebto veprime dhe p\u00ebr t\u00eb parandaluar p\u00ebrshkall\u00ebzime t\u00eb reja n\u00eb Ballkan.<\/p>\n<p>Kosova e ka shpallur pavar\u00ebsin\u00eb n\u00eb vitin 2008 dhe \u00ebsht\u00eb njohur nga mbi 100 shtete, p\u00ebrfshir\u00eb Shtetet e Bashkuara dhe shumic\u00ebn e vendeve t\u00eb NATO-s. Megjithat\u00eb, sipas t\u00eb nj\u00ebjtit njoftim t\u00eb publikuar n\u00eb faqen e kongresmenit Keith Self, mungesa e njohjes unanime brenda Aleanc\u00ebs mbetet penges\u00eb p\u00ebr avancimin e Kosov\u00ebs drejt an\u00ebtar\u00ebsimit.<\/p>\n<p>N\u00eb dokument theksohet se kat\u00ebr vende an\u00ebtare t\u00eb NATO-s\u2014Greqia, Rumania, Sllovakia dhe Spanja\u2014nuk e kan\u00eb njohur ende Kosov\u00ebn. Duke qen\u00eb se NATO funksionon me konsensus, kjo situat\u00eb paraqet penges\u00eb p\u00ebr p\u00ebrfshirjen e Kosov\u00ebs n\u00eb mekanizmat e an\u00ebtar\u00ebsimit, p\u00ebrfshir\u00eb Partneritetin p\u00ebr Paqe dhe Planin e Veprimit p\u00ebr An\u00ebtar\u00ebsim.<\/p>\n<p>Rezoluta u b\u00ebn thirrje k\u00ebtyre vendeve q\u00eb t\u00eb rishikojn\u00eb q\u00ebndrimet e tyre, duke theksuar se njohja m\u00eb e gjer\u00eb e Kosov\u00ebs \u00ebsht\u00eb e domosdoshme p\u00ebr avancimin e saj drejt NATO-s dhe p\u00ebr mbylljen e nj\u00eb boshll\u00ebku strategjik n\u00eb Evrop\u00ebn Juglindore.<\/p>\n<p>N\u00eb njoftimin e publikuar n\u00eb faqen e kongresmenit Keith Self, ai citohet t\u00eb ket\u00eb deklaruar se \u201cKosova ka d\u00ebshmuar p\u00ebrkushtim ndaj stabilitetit rajonal dhe p\u00ebrafrimit me vendet e NATO-s, por p\u00ebrparimi i saj po pengohet nga mungesa e njohjes nga disa aleat\u00eb\u201d. Po ashtu, ai shton se \u201cShtimi i Kosov\u00ebs n\u00eb aleanc\u00eb \u00ebsht\u00eb i r\u00ebnd\u00ebsish\u00ebm p\u00ebr p\u00ebrballimin e ndikimit t\u00eb kund\u00ebrshtar\u00ebve n\u00eb Evrop\u00eb\u201d.<\/p>\n<p>N\u00eb t\u00eb nj\u00ebjtin njoftim theksohet se integrimi i Kosov\u00ebs n\u00eb NATO \u00ebsht\u00eb i r\u00ebnd\u00ebsish\u00ebm p\u00ebr interesat e siguris\u00eb s\u00eb Shteteve t\u00eb Bashkuara n\u00eb Evrop\u00ebn Juglindore.<\/p>\n<hr style=\"margin:30px 0\"\/>\n<p style=\"font-size:13px;color:#666\">Burimi: <strong>mesazhi<\/strong><\/p>\n","protected":false},"excerpt":{"rendered":"<p>Kongresmeni Keith Self, s\u00eb bashku me kongresmen\u00ebt Ritchie Torres dhe Mike Lawler, kan\u00eb paraqitur n\u00eb Dhom\u00ebn e P\u00ebrfaq\u00ebsuesve nj\u00eb rezolut\u00eb q\u00eb shpreh mb\u00ebshtetje t\u00eb fuqishme p\u00ebr integrimin e Kosov\u00ebs n\u00eb Organizat\u00ebn e Traktatit t\u00eb Atlantikut t\u00eb Veriut (NATO). Kjo, sipas njoftimit t\u00eb publikuar n\u00eb faqen zyrtare t\u00eb kongresmenit Keith Self, synon t\u00eb theksoj\u00eb r\u00ebnd\u00ebsin\u00eb strategjike [&hellip;]<\/p>\n","protected":false},"author":1,"featured_media":108367,"comment_status":"open","ping_status":"open","sticky":false,"template":"","format":"standard","meta":{"footnotes":""},"categories":[14],"tags":[3803],"class_list":["post-108368","post","type-post","status-publish","format-standard","has-post-thumbnail","hentry","category-kombetare","tag-aktuale"],"_links":{"self":[{"href":"https:\/\/prizrenpost.com\/al\/wp-json\/wp\/v2\/posts\/108368","targetHints":{"allow":["GET"]}}],"collection":[{"href":"https:\/\/prizrenpost.com\/al\/wp-json\/wp\/v2\/posts"}],"about":[{"href":"https:\/\/prizrenpost.com\/al\/wp-json\/wp\/v2\/types\/post"}],"author":[{"embeddable":true,"href":"https:\/\/prizrenpost.com\/al\/wp-json\/wp\/v2\/users\/1"}],"replies":[{"embeddable":true,"href":"https:\/\/prizrenpost.com\/al\/wp-json\/wp\/v2\/comments?post=108368"}],"version-history":[{"count":0,"href":"https:\/\/prizrenpost.com\/al\/wp-json\/wp\/v2\/posts\/108368\/revisions"}],"wp:featuredmedia":[{"embeddable":true,"href":"https:\/\/prizrenpost.com\/al\/wp-json\/wp\/v2\/media\/108367"}],"wp:attachment":[{"href":"https:\/\/prizrenpost.com\/al\/wp-json\/wp\/v2\/media?parent=108368"}],"wp:term":[{"taxonomy":"category","embeddable":true,"href":"https:\/\/prizrenpost.com\/al\/wp-json\/wp\/v2\/categories?post=108368"},{"taxonomy":"post_tag","embeddable":true,"href":"https:\/\/prizrenpost.com\/al\/wp-json\/wp\/v2\/tags?post=108368"}],"curies":[{"name":"wp","href":"https:\/\/api.w.org\/{rel}","templated":true}]}}