{"id":108374,"date":"2026-05-01T07:55:09","date_gmt":"2026-05-01T04:55:09","guid":{"rendered":"https:\/\/prizrenpost.com\/al\/i-bashkon-gjenocidi-ndaj-myslimaneve-per-ckane-rene-dakord-saktesisht-vucic-dhe-netanyahu\/"},"modified":"2026-05-01T07:55:09","modified_gmt":"2026-05-01T04:55:09","slug":"i-bashkon-gjenocidi-ndaj-myslimaneve-per-ckane-rene-dakord-saktesisht-vucic-dhe-netanyahu","status":"publish","type":"post","link":"https:\/\/prizrenpost.com\/al\/i-bashkon-gjenocidi-ndaj-myslimaneve-per-ckane-rene-dakord-saktesisht-vucic-dhe-netanyahu\/","title":{"rendered":"I bashkon gjenocidi ndaj mysliman\u00ebve: p\u00ebr \u00e7\u2019kan\u00eb r\u00ebn\u00eb dakord sakt\u00ebsisht Vu\u00e7i\u00e7 dhe Netanyahu?"},"content":{"rendered":"<figure class=\"post-featured-image\"><img decoding=\"async\" src=\"https:\/\/prizrenpost.com\/al\/wp-content\/uploads\/2026\/05\/Vucic_netanjahu_Izrael_Vlada_7bcf7c1fdc.jpg\" alt=\"I bashkon gjenocidi ndaj mysliman\u00ebve: p\u00ebr \u00e7\u2019kan\u00eb r\u00ebn\u00eb dakord sakt\u00ebsisht Vu\u00e7i\u00e7 dhe Netanyahu?\"\/><\/figure>\n<p><em>P\u00ebr fat t\u00eb keq, edhe Tirana n\u00eb nj\u00eb linj\u00eb me Beogradin ne \u201cbyth\u00eb e brek\u00eb\u201d me shtetin sionist<br \/>\n<\/em><br \/>\nMe k\u00ebrkes\u00eb t\u00eb qeveris\u00eb serbe, Komisioni p\u00ebr Mbrojtje dhe Pun\u00eb t\u00eb Brendshme i Parlamentit Serb mb\u00ebshteti marr\u00ebveshjen me shumic\u00eb votash dje, m\u00eb 29 prill, duke lejuar zbatimin e saj t\u00eb p\u00ebrkohsh\u00ebm p\u00ebrpara se t\u00eb miratohet zyrtarisht nga Asambleja Komb\u00ebtare. Urgjenca e zbatimit, si\u00e7 u tha, rrjedh nga d\u00ebrgesa e pritur e pajisjeve ushtarake nga Izraeli, t\u00eb destinuara p\u00ebr t\u00eb pajisur Ushtrin\u00eb Serbe.<\/p>\n<p>\u201cFillimi sa m\u00eb i hersh\u00ebm i zbatimit t\u00eb marr\u00ebveshjes s\u00eb propozuar do t\u00eb mund\u00ebsonte n\u00ebnshkrimin dhe hyrjen n\u00eb fuqi sa m\u00eb t\u00eb shpejt\u00eb t\u00eb kontrat\u00ebs n\u00eb lidhje me sigurimin e arm\u00ebve dhe pajisjeve ushtarake dhe p\u00ebrmir\u00ebsimin e aft\u00ebsive operacionale t\u00eb Ushtris\u00eb Serbe\u201d, thuhet n\u00eb dokumentin e siguruar nga BIRN.<\/p>\n<p>Miliarda p\u00ebr nj\u00eb shtet q\u00eb kryen gjenocid<\/p>\n<p>Prokurimi i pritur ka shum\u00eb t\u00eb ngjar\u00eb t\u00eb lidhet me kompanin\u00eb izraelite t\u00eb prodhimit t\u00eb arm\u00ebve Elbit Systems. N\u00eb fillim t\u00eb vitit t\u00eb kaluar, Elbit Systems i shiti Serbis\u00eb sisteme t\u00eb p\u00ebrparuara artilerie dhe dron\u00eb me vler\u00eb 335 milion\u00eb dollar\u00eb. N\u00eb gusht t\u00eb vitit 2025, u n\u00ebnshkrua nj\u00eb kontrat\u00eb tjet\u00ebr me vler\u00eb 1.6 miliard\u00eb dollar\u00eb p\u00ebr furnizimin e Beogradit me dron\u00eb, raketa me rreze t\u00eb gjat\u00eb veprimi, sisteme lufte elektronike dhe pajisje t\u00eb tjera ushtarake. BIRN raportoi gjithashtu n\u00eb maj se Serbia planifikonte t\u00eb prodhonte dron\u00eb n\u00eb territorin e saj s\u00eb bashku me Elbit, gj\u00eb q\u00eb Presidenti serb Aleksandar Vu\u00e7i\u00e7 e konfirmoi m\u00eb von\u00eb.<\/p>\n<p>Paralelisht, eksportet serbe t\u00eb arm\u00ebve n\u00eb Izrael jan\u00eb rritur tashm\u00eb 42-fish q\u00eb nga viti 2023, duke arritur n\u00eb 114 milion\u00eb euro vitin e kaluar, pavar\u00ebsisht akuzave se Izraeli kreu gjenocid n\u00eb Gaza dhe thirrjeve nga ekspert\u00ebt e t\u00eb drejtave t\u00eb njeriut t\u00eb Kombeve t\u00eb Bashkuara p\u00ebr t\u00eb ndaluar d\u00ebrgesat e arm\u00ebve n\u00eb vend.<\/p>\n<p>Bogdan Radovanovi\u00e7, nj\u00eb an\u00ebtar i parlamentit nga Fronti i Gjelb\u00ebr-i Majt\u00eb i opozit\u00ebs (ZLF), i cili votoi kund\u00ebr marr\u00ebveshjes n\u00eb mbledhjen e Komitetit t\u00eb Siguris\u00eb, i tha BIRN se asnj\u00eb p\u00ebrfaq\u00ebsues i Ministris\u00eb s\u00eb Mbrojtjes nuk dha nj\u00eb shpjegim t\u00eb detajuar se pse kjo ishte urgjente ose n\u00ebse lidhej me marr\u00ebveshje t\u00eb ndryshme me kompanin\u00eb Elbit Systems.<\/p>\n<p>\u201cAs nuk u njoftova p\u00ebr dilemat se \u00e7far\u00eb do t\u00eb thot\u00eb sakt\u00ebsisht \u2018mbrojtja e nd\u00ebrsjell\u00eb\u2019 dhe n\u00ebse, p\u00ebr shembull, Mossad-i tani do t\u00eb ket\u00eb autoritetin p\u00ebr t\u00eb \u2018mbrojtur reciprokisht\u2019 t\u00eb dh\u00ebnat sekrete t\u00eb p\u00ebrbashk\u00ebta n\u00eb territorin ton\u00eb\u201d, tha Bogdanovi\u00e7, i cili theksoi se kund\u00ebrshton marr\u00ebveshjet me nj\u00eb vend q\u00eb ai beson se po kryen gjenocid n\u00eb Gaza.<\/p>\n<p>Iniciativa p\u00ebr marr\u00ebveshjen erdhi nga Izraeli, pas s\u00eb cil\u00ebs u mbajt\u00ebn dy videokonferenca gjat\u00eb t\u00eb cilave u ran\u00eb dakord p\u00ebr detajet e marr\u00ebveshjes, sipas shpjegimit t\u00eb dh\u00ebn\u00eb an\u00ebtar\u00ebve t\u00eb komisionit parlamentar. Marr\u00ebveshja, e siguruar nga BIRN, thot\u00eb se n\u00eb Serbi Ministria e Mbrojtjes do t\u00eb jet\u00eb p\u00ebrgjegj\u00ebse p\u00ebr zbatimin e saj, nd\u00ebrsa n\u00eb Izrael \u00ebsht\u00eb Drejtoria e Siguris\u00eb s\u00eb Sistemeve t\u00eb Mbrojtjes (DSDE), e njohur m\u00eb mir\u00eb si Malmab, nj\u00eb organ brenda Ministris\u00eb s\u00eb Mbrojtjes Izraelite q\u00eb vepron gjithashtu n\u00eb nj\u00eb kapacitet inteligjence, pasi \u00ebsht\u00eb e angazhuar n\u00eb marrjen e informacionit teknologjik dhe t\u00eb dh\u00ebnave t\u00eb inteligjenc\u00ebs jasht\u00eb vendit.<\/p>\n<p>\u00c7far\u00eb thot\u00eb sakt\u00ebsisht dokumenti?<\/p>\n<p>T\u00eb dyja vendet ran\u00eb dakord q\u00eb \u00e7do mosmarr\u00ebveshje nuk do t\u00eb b\u00ebhej publike dhe se \u00e7do mosmarr\u00ebveshje ose mosmarr\u00ebveshje \u201cnuk do t\u2019i n\u00ebnshtrohet asnj\u00eb gjykate apo gjykate komb\u00ebtare ose nd\u00ebrkomb\u00ebtare, as ndonj\u00eb ligji\u201d: \u201cSecila pal\u00eb merr p\u00ebrsip\u00ebr t\u00eb p\u00ebrmbahet nga \u00e7do publikim publik n\u00eb lidhje me fushat e bashk\u00ebpunimit dhe aktiviteteve t\u00eb nd\u00ebrsjella sipas k\u00ebsaj marr\u00ebveshjeje, p\u00ebrve\u00e7 n\u00ebse pala tjet\u00ebr miraton me shkrim.\u201d<\/p>\n<p>Marr\u00ebveshja gjithashtu p\u00ebrcakton q\u00eb t\u00eb dyja vendet kan\u00eb t\u00eb drejt\u00eb t\u00eb d\u00ebrgojn\u00eb delegacione ekspert\u00ebsh t\u00eb siguris\u00eb p\u00ebr t\u00eb vizituar territorin e pal\u00ebs tjet\u00ebr her\u00eb pas here \u201ckur \u00ebsht\u00eb e p\u00ebrshtatshme p\u00ebr t\u00eb dyja pal\u00ebt\u201d. Marr\u00ebveshja mbulon \u00e7do transferim ose shk\u00ebmbim informacioni t\u00eb klasifikuar n\u00eb lidhje me sip\u00ebrmarrje t\u00eb p\u00ebrbashk\u00ebta, kontrata, si dhe \u201cshitjen e pajisjeve t\u00eb mbrojtjes, ose armatimeve, njohurive ose p\u00ebrvoj\u00ebs praktike ushtarake (know-how) ose mallrave me p\u00ebrdorim t\u00eb dyfisht\u00eb, softuer\u00ebve ose teknologjis\u00eb\u201d.<\/p>\n<p>Ajo zbatohet p\u00ebr t\u00eb gjitha subjektet juridike t\u00eb p\u00ebrfshira n\u00eb \u00e7\u00ebshtjet e mbrojtjes, qofshin private apo shtet\u00ebrore, si dhe \u00e7do transferim informacioni t\u00eb klasifikuar midis p\u00ebrfaq\u00ebsuesve t\u00eb subjekteve, punonj\u00ebsve ose konsulent\u00ebve t\u00eb tyre, pavar\u00ebsisht nga statusi i tyre. Zbulimi i informacionit t\u00eb klasifikuar ndaj nj\u00eb \u201cpale t\u00eb tret\u00eb\u201d, d.m.th. nj\u00eb zyrtari qeveritar, kontraktori, punonj\u00ebsi i nj\u00eb kontraktori ose ndonj\u00eb \u201corganizate nd\u00ebrkomb\u00ebtare\u201c, \u00ebsht\u00eb i ndaluar.<\/p>\n<p>N\u00eb rast t\u00eb nj\u00eb \u201cshkeljeje sigurie\u201d ose dyshimi p\u00ebr nj\u00ebr\u00ebn prej tyre, shteti n\u00eb t\u00eb cilin ka ndodhur duhet t\u00eb njoftoj\u00eb tjetrin, t\u00eb filloj\u00eb nj\u00eb hetim, t\u00eb komunikoj\u00eb rezultatet e hetimit dhe detajet e \u201cmasave korrigjuese t\u00eb marra\u201d p\u00ebr t\u00eb siguruar q\u00eb kjo t\u00eb mos p\u00ebrs\u00ebritet. \/tesheshi<\/p>\n<hr style=\"margin:30px 0\"\/>\n<p style=\"font-size:13px;color:#666\">Burimi: <strong>mesazhi<\/strong><\/p>\n","protected":false},"excerpt":{"rendered":"<p>P\u00ebr fat t\u00eb keq, edhe Tirana n\u00eb nj\u00eb linj\u00eb me Beogradin ne \u201cbyth\u00eb e brek\u00eb\u201d me shtetin sionist Me k\u00ebrkes\u00eb t\u00eb qeveris\u00eb serbe, Komisioni p\u00ebr Mbrojtje dhe Pun\u00eb t\u00eb Brendshme i Parlamentit Serb mb\u00ebshteti marr\u00ebveshjen me shumic\u00eb votash dje, m\u00eb 29 prill, duke lejuar zbatimin e saj t\u00eb p\u00ebrkohsh\u00ebm p\u00ebrpara se t\u00eb miratohet zyrtarisht nga [&hellip;]<\/p>\n","protected":false},"author":1,"featured_media":108373,"comment_status":"open","ping_status":"open","sticky":false,"template":"","format":"standard","meta":{"footnotes":""},"categories":[24],"tags":[3803],"class_list":["post-108374","post","type-post","status-publish","format-standard","has-post-thumbnail","hentry","category-bote","tag-aktuale"],"_links":{"self":[{"href":"https:\/\/prizrenpost.com\/al\/wp-json\/wp\/v2\/posts\/108374","targetHints":{"allow":["GET"]}}],"collection":[{"href":"https:\/\/prizrenpost.com\/al\/wp-json\/wp\/v2\/posts"}],"about":[{"href":"https:\/\/prizrenpost.com\/al\/wp-json\/wp\/v2\/types\/post"}],"author":[{"embeddable":true,"href":"https:\/\/prizrenpost.com\/al\/wp-json\/wp\/v2\/users\/1"}],"replies":[{"embeddable":true,"href":"https:\/\/prizrenpost.com\/al\/wp-json\/wp\/v2\/comments?post=108374"}],"version-history":[{"count":0,"href":"https:\/\/prizrenpost.com\/al\/wp-json\/wp\/v2\/posts\/108374\/revisions"}],"wp:featuredmedia":[{"embeddable":true,"href":"https:\/\/prizrenpost.com\/al\/wp-json\/wp\/v2\/media\/108373"}],"wp:attachment":[{"href":"https:\/\/prizrenpost.com\/al\/wp-json\/wp\/v2\/media?parent=108374"}],"wp:term":[{"taxonomy":"category","embeddable":true,"href":"https:\/\/prizrenpost.com\/al\/wp-json\/wp\/v2\/categories?post=108374"},{"taxonomy":"post_tag","embeddable":true,"href":"https:\/\/prizrenpost.com\/al\/wp-json\/wp\/v2\/tags?post=108374"}],"curies":[{"name":"wp","href":"https:\/\/api.w.org\/{rel}","templated":true}]}}