{"id":108378,"date":"2026-05-01T08:55:14","date_gmt":"2026-05-01T05:55:14","guid":{"rendered":"https:\/\/prizrenpost.com\/al\/presidenti-i-fifa-s-irani-do-te-luaje-ndeshjet-e-kupes-se-botes-ne-shba\/"},"modified":"2026-05-01T08:55:14","modified_gmt":"2026-05-01T05:55:14","slug":"presidenti-i-fifa-s-irani-do-te-luaje-ndeshjet-e-kupes-se-botes-ne-shba","status":"publish","type":"post","link":"https:\/\/prizrenpost.com\/al\/presidenti-i-fifa-s-irani-do-te-luaje-ndeshjet-e-kupes-se-botes-ne-shba\/","title":{"rendered":"Presidenti i FIFA-s: Irani do t\u00eb luaj\u00eb ndeshjet e Kup\u00ebs s\u00eb Bot\u00ebs n\u00eb SHBA"},"content":{"rendered":"<figure class=\"post-featured-image\"><img decoding=\"async\" src=\"https:\/\/prizrenpost.com\/al\/wp-content\/uploads\/2026\/05\/fifa-ngre-zerin-kunder-diskriminimit-infantino-humbje-per-klubet-me-tifoze-raciste-si-dhe-kallezime-penale_65ace04386b7c.jpeg\" alt=\"Presidenti i FIFA-s: Irani do t\u00eb luaj\u00eb ndeshjet e Kup\u00ebs s\u00eb Bot\u00ebs n\u00eb SHBA\"\/><\/figure>\n<p>Kreu i organit nd\u00ebrkomb\u00ebtar t\u00eb futbollit FIFA, Gianni Infantino, ka konfirmuar se Irani do t\u00eb marr\u00eb pjes\u00eb n\u00eb Kup\u00ebn e Bot\u00ebs 2026 k\u00ebt\u00eb ver\u00eb dhe do t\u00eb luaj\u00eb ndeshjet e planifikuara n\u00eb territorin e SHBA-s\u00eb, pavar\u00ebsisht luft\u00ebs n\u00eb vazhdim, transmeton Anadolu.<\/p>\n<p>\u201cIrani do t\u00eb marr\u00eb pjes\u00eb n\u00eb Kup\u00ebn e Bot\u00ebs FIFA 2026 dhe natyrisht Irani do t\u00eb luaj\u00eb n\u00eb SHBA\u201d, tha Infantino n\u00eb Kongresin e 76-t\u00eb t\u00eb FIFA-s n\u00eb Vancouver, Kanada.<\/p>\n<p>Ai argumentoi se vendimi bazohet n\u00eb p\u00ebrgjegj\u00ebsin\u00eb p\u00ebr t\u00eb \u201cbashkuar njer\u00ebzit\u201d, duke theksuar se futbolli mbetet nj\u00eb forc\u00eb unike q\u00eb \u201cbashkon bot\u00ebn\u201d mes ndarjeve globale.<\/p>\n<p>Irani u kualifikua p\u00ebr turneun, i cili nis m\u00eb 11 qershor n\u00eb SHBA, Kanada dhe Meksik\u00eb. Ekipi pritet t\u00eb p\u00ebrballet me Zeland\u00ebn e Re dhe Belgjik\u00ebn n\u00eb Los Anxhelos m\u00eb 15 dhe 21 qershor, si dhe me Egjiptin n\u00eb Seattle m\u00eb 26 qershor.<\/p>\n<p>K\u00ebrkesa e Iranit p\u00ebr t\u00eb zhvendosur ndeshjet e tij n\u00eb Meksik\u00eb, nj\u00eb nga vendet bashk\u00eborganizatore, u refuzua nga FIFA.<\/p>\n<p>Megjithat\u00eb, rruga drejt pjes\u00ebmarrjes mbetet shum\u00eb e pasigurt. Ministri i sportit i Iranit, Ahmad Donyamali, tha se vendi nuk mund t\u00eb marr\u00eb pjes\u00eb \u201cn\u00eb asnj\u00eb rrethan\u00eb\u201d, duke p\u00ebrmendur vrasjen m\u00eb 28 shkurt t\u00eb liderit suprem t\u00eb at\u00ebhersh\u00ebm Ali Khamenei n\u00eb fillim t\u00eb ofensiv\u00ebs SHBA-Izrael.<\/p>\n<p>\u201cKy regjim i korruptuar ka vrar\u00eb liderin ton\u00eb\u201d, tha ai.<\/p>\n<p>Presidenti amerikan, Donald Trump, n\u00eb muajin mars tha se ndon\u00ebse ekipi i Iranit do t\u00eb ishte i mir\u00ebpritur n\u00eb Kup\u00ebn e Bot\u00ebs, ai nuk mendon se \u00ebsht\u00eb e p\u00ebrshtatshme q\u00eb ata t\u00eb marrin pjes\u00eb \u201cp\u00ebr jet\u00ebn dhe sigurin\u00eb e tyre\u201d.<\/p>\n<hr style=\"margin:30px 0\"\/>\n<p style=\"font-size:13px;color:#666\">Burimi: <strong>mesazhi<\/strong><\/p>\n","protected":false},"excerpt":{"rendered":"<p>Kreu i organit nd\u00ebrkomb\u00ebtar t\u00eb futbollit FIFA, Gianni Infantino, ka konfirmuar se Irani do t\u00eb marr\u00eb pjes\u00eb n\u00eb Kup\u00ebn e Bot\u00ebs 2026 k\u00ebt\u00eb ver\u00eb dhe do t\u00eb luaj\u00eb ndeshjet e planifikuara n\u00eb territorin e SHBA-s\u00eb, pavar\u00ebsisht luft\u00ebs n\u00eb vazhdim, transmeton Anadolu. \u201cIrani do t\u00eb marr\u00eb pjes\u00eb n\u00eb Kup\u00ebn e Bot\u00ebs FIFA 2026 dhe natyrisht Irani [&hellip;]<\/p>\n","protected":false},"author":1,"featured_media":108377,"comment_status":"open","ping_status":"open","sticky":false,"template":"","format":"standard","meta":{"footnotes":""},"categories":[24],"tags":[3803],"class_list":["post-108378","post","type-post","status-publish","format-standard","has-post-thumbnail","hentry","category-bote","tag-aktuale"],"_links":{"self":[{"href":"https:\/\/prizrenpost.com\/al\/wp-json\/wp\/v2\/posts\/108378","targetHints":{"allow":["GET"]}}],"collection":[{"href":"https:\/\/prizrenpost.com\/al\/wp-json\/wp\/v2\/posts"}],"about":[{"href":"https:\/\/prizrenpost.com\/al\/wp-json\/wp\/v2\/types\/post"}],"author":[{"embeddable":true,"href":"https:\/\/prizrenpost.com\/al\/wp-json\/wp\/v2\/users\/1"}],"replies":[{"embeddable":true,"href":"https:\/\/prizrenpost.com\/al\/wp-json\/wp\/v2\/comments?post=108378"}],"version-history":[{"count":0,"href":"https:\/\/prizrenpost.com\/al\/wp-json\/wp\/v2\/posts\/108378\/revisions"}],"wp:featuredmedia":[{"embeddable":true,"href":"https:\/\/prizrenpost.com\/al\/wp-json\/wp\/v2\/media\/108377"}],"wp:attachment":[{"href":"https:\/\/prizrenpost.com\/al\/wp-json\/wp\/v2\/media?parent=108378"}],"wp:term":[{"taxonomy":"category","embeddable":true,"href":"https:\/\/prizrenpost.com\/al\/wp-json\/wp\/v2\/categories?post=108378"},{"taxonomy":"post_tag","embeddable":true,"href":"https:\/\/prizrenpost.com\/al\/wp-json\/wp\/v2\/tags?post=108378"}],"curies":[{"name":"wp","href":"https:\/\/api.w.org\/{rel}","templated":true}]}}