{"id":108380,"date":"2026-05-01T08:55:22","date_gmt":"2026-05-01T05:55:22","guid":{"rendered":"https:\/\/prizrenpost.com\/al\/zedhenesja-e-speciales-tregon-kur-ndodh-aktgjykimi-per-thacin-dhe-te-tjeret-trupi-gjykues-eshte-ne-fazen-e-kuvendimeve\/"},"modified":"2026-05-01T08:55:22","modified_gmt":"2026-05-01T05:55:22","slug":"zedhenesja-e-speciales-tregon-kur-ndodh-aktgjykimi-per-thacin-dhe-te-tjeret-trupi-gjykues-eshte-ne-fazen-e-kuvendimeve","status":"publish","type":"post","link":"https:\/\/prizrenpost.com\/al\/zedhenesja-e-speciales-tregon-kur-ndodh-aktgjykimi-per-thacin-dhe-te-tjeret-trupi-gjykues-eshte-ne-fazen-e-kuvendimeve\/","title":{"rendered":"Z\u00ebdh\u00ebn\u00ebsja e Speciales tregon kur ndodh aktgjykimi p\u00ebr Tha\u00e7in dhe t\u00eb tjer\u00ebt: Trupi Gjykues \u00ebsht\u00eb n\u00eb faz\u00ebn e kuvendimeve"},"content":{"rendered":"<figure class=\"post-featured-image\"><img decoding=\"async\" src=\"https:\/\/prizrenpost.com\/al\/wp-content\/uploads\/2026\/05\/Thaci-dhe-te-tjeret.jpg\" alt=\"Z\u00ebdh\u00ebn\u00ebsja e Speciales tregon kur ndodh aktgjykimi p\u00ebr Tha\u00e7in dhe t\u00eb tjer\u00ebt: Trupi Gjykues \u00ebsht\u00eb n\u00eb faz\u00ebn e kuvendimeve\"\/><\/figure>\n<p>Z\u00ebdh\u00ebn\u00ebsja e Dhomave t\u00eb Specializuara t\u00eb Kosov\u00ebs, Angela Griep, gjat\u00eb informimit javor <a href=\"https:\/\/www.scp-ks.org\/sites\/default\/files\/public\/30042026-Weekly%20Press%20Briefing-ALB.pdf\">p\u00ebr media<\/a> ka b\u00ebr\u00eb t\u00eb ditur se procesi gjyq\u00ebsor ndaj Hashim Tha\u00e7i, Kadri Veseli, Rexhep Selimi dhe Jakup Krasniqi ndodhet aktualisht n\u00eb nj\u00eb faz\u00eb t\u00eb r\u00ebnd\u00ebsishme.<\/p>\n<p>Sipas saj, Trupi Gjykues n\u00eb k\u00ebt\u00eb \u00e7\u00ebshtje ka hyr\u00eb n\u00eb faz\u00ebn e kuvendimeve, ku po shqyrtohen provat dhe argumentet p\u00ebrfundimtare p\u00ebrpara marrjes s\u00eb vendimit p\u00ebrfundimtar, transmeton Klankosova.tv.<\/p>\n<p>Ajo theksoi se koh\u00ebzgjatja p\u00ebr nxjerrjen e aktgjykimit ndryshon nga rasti n\u00eb rast dhe varet nga kompleksiteti i \u00e7\u00ebshtjes.<\/p>\n<p>Griep b\u00ebri t\u00eb ditur se, bazuar n\u00eb rregullat n\u00eb fuqi, Trupi Gjykues ka n\u00eb dispozicion nj\u00eb afat prej 90 dit\u00ebsh p\u00ebr t\u00eb arritur nj\u00eb verdikt.<\/p>\n<p>Megjithat\u00eb, ajo sqaroi se ky afat nuk \u00ebsht\u00eb i prer\u00eb, pasi n\u00eb rrethana t\u00eb caktuara gjykat\u00ebsit mund t\u00eb vendosin ta zgjasin periudh\u00ebn e kuvendimeve n\u00ebse konsiderojn\u00eb se nevojitet m\u00eb shum\u00eb koh\u00eb p\u00ebr nj\u00eb vendim t\u00eb drejt\u00eb dhe t\u00eb argumentuar.<\/p>\n<p>Ajo shtoi se aktualisht nuk ka nj\u00eb dat\u00eb t\u00eb caktuar p\u00ebr shpalljen e aktgjykimit n\u00eb k\u00ebt\u00eb rast, por theksoi se publiku do t\u00eb informohet menj\u00ebher\u00eb sapo gjykat\u00ebsit t\u00eb vendosin p\u00ebr nj\u00eb afat konkret.<\/p>\n<p>Duke iu referuar Rregullores s\u00eb Procedur\u00ebs dhe t\u00eb Provave, konkretisht rregull\u00ebs 159, Griep n\u00ebnvizoi se Trupi Gjykues nuk \u00ebsht\u00eb i detyruar t\u00eb k\u00ebrkoj\u00eb zgjatje formale t\u00eb afatit.<\/p>\n<p>Megjithat\u00eb, n\u00ebse vendos t\u00eb zgjas\u00eb procesin e vendimmarrjes, ai duhet t\u00eb paraqes\u00eb nj\u00eb vendim t\u00eb arsyetuar p\u00ebr k\u00ebt\u00eb hap.<\/p>\n<p>N\u00eb fund, ajo theksoi se rregullorja n\u00eb fuqi nuk p\u00ebrcakton nj\u00eb afat t\u00eb sakt\u00eb kohor p\u00ebr publikimin e k\u00ebtij vendimi, duke l\u00ebn\u00eb k\u00ebshtu hap\u00ebsir\u00eb q\u00eb procesi t\u00eb zgjas\u00eb n\u00eb var\u00ebsi t\u00eb zhvillimeve dhe kompleksitetit t\u00eb \u00e7\u00ebshtjes.<\/p>\n<hr style=\"margin:30px 0\"\/>\n<p style=\"font-size:13px;color:#666\">Burimi: <strong>klankosova<\/strong><\/p>\n","protected":false},"excerpt":{"rendered":"<p>Z\u00ebdh\u00ebn\u00ebsja e Dhomave t\u00eb Specializuara t\u00eb Kosov\u00ebs, Angela Griep, gjat\u00eb informimit javor p\u00ebr media ka b\u00ebr\u00eb t\u00eb ditur se procesi gjyq\u00ebsor ndaj Hashim Tha\u00e7i, Kadri Veseli, Rexhep Selimi dhe Jakup Krasniqi ndodhet aktualisht n\u00eb nj\u00eb faz\u00eb t\u00eb r\u00ebnd\u00ebsishme. Sipas saj, Trupi Gjykues n\u00eb k\u00ebt\u00eb \u00e7\u00ebshtje ka hyr\u00eb n\u00eb faz\u00ebn e kuvendimeve, ku po shqyrtohen provat [&hellip;]<\/p>\n","protected":false},"author":1,"featured_media":108379,"comment_status":"open","ping_status":"open","sticky":false,"template":"","format":"standard","meta":{"footnotes":""},"categories":[17],"tags":[],"class_list":["post-108380","post","type-post","status-publish","format-standard","has-post-thumbnail","hentry","category-kronike"],"_links":{"self":[{"href":"https:\/\/prizrenpost.com\/al\/wp-json\/wp\/v2\/posts\/108380","targetHints":{"allow":["GET"]}}],"collection":[{"href":"https:\/\/prizrenpost.com\/al\/wp-json\/wp\/v2\/posts"}],"about":[{"href":"https:\/\/prizrenpost.com\/al\/wp-json\/wp\/v2\/types\/post"}],"author":[{"embeddable":true,"href":"https:\/\/prizrenpost.com\/al\/wp-json\/wp\/v2\/users\/1"}],"replies":[{"embeddable":true,"href":"https:\/\/prizrenpost.com\/al\/wp-json\/wp\/v2\/comments?post=108380"}],"version-history":[{"count":0,"href":"https:\/\/prizrenpost.com\/al\/wp-json\/wp\/v2\/posts\/108380\/revisions"}],"wp:featuredmedia":[{"embeddable":true,"href":"https:\/\/prizrenpost.com\/al\/wp-json\/wp\/v2\/media\/108379"}],"wp:attachment":[{"href":"https:\/\/prizrenpost.com\/al\/wp-json\/wp\/v2\/media?parent=108380"}],"wp:term":[{"taxonomy":"category","embeddable":true,"href":"https:\/\/prizrenpost.com\/al\/wp-json\/wp\/v2\/categories?post=108380"},{"taxonomy":"post_tag","embeddable":true,"href":"https:\/\/prizrenpost.com\/al\/wp-json\/wp\/v2\/tags?post=108380"}],"curies":[{"name":"wp","href":"https:\/\/api.w.org\/{rel}","templated":true}]}}