{"id":108391,"date":"2026-05-01T10:10:24","date_gmt":"2026-05-01T07:10:24","guid":{"rendered":"https:\/\/prizrenpost.com\/al\/zhduket-nje-e-mitur-ne-prizren\/"},"modified":"2026-05-01T10:10:24","modified_gmt":"2026-05-01T07:10:24","slug":"zhduket-nje-e-mitur-ne-prizren","status":"publish","type":"post","link":"https:\/\/prizrenpost.com\/al\/zhduket-nje-e-mitur-ne-prizren\/","title":{"rendered":"Zhduket nj\u00eb e mitur n\u00eb Prizren"},"content":{"rendered":"<figure class=\"post-featured-image\"><img decoding=\"async\" src=\"https:\/\/prizrenpost.com\/al\/wp-content\/uploads\/2026\/05\/e-mitura-zhduket.jpg\" alt=\"Zhduket nj\u00eb e mitur n\u00eb Prizren\"\/><\/figure>\n<p>Nj\u00eb fem\u00ebr kosovare ka raportuar se vajza e saj e mitur \u00ebsht\u00eb larguar nga sht\u00ebpia dhe nuk dihet vendndodhja e saj.<\/p>\n<p>Rasti \u00ebsht\u00eb duke u hetuar nga Policia e Kosov\u00ebs.<\/p>\n<p>\u201cPrizren\u00a0 30.04.2026, 14:00. Ankuesja fem\u00ebr kosovare ka raportuar se vajza e saj e mitur, viktima fem\u00ebr kosovare \u00ebsht\u00eb larguar nga sht\u00ebpia dhe nuk di p\u00ebr vend ndodhjen e saj. Rasti n\u00eb procedur\u00eb hetimore\u201d, njofton Policia. \/Klankosova.tv<\/p>\n<hr style=\"margin:30px 0\"\/>\n<p style=\"font-size:13px;color:#666\">Burimi: <strong>klankosova<\/strong><\/p>\n","protected":false},"excerpt":{"rendered":"<p>Nj\u00eb fem\u00ebr kosovare ka raportuar se vajza e saj e mitur \u00ebsht\u00eb larguar nga sht\u00ebpia dhe nuk dihet vendndodhja e saj. Rasti \u00ebsht\u00eb duke u hetuar nga Policia e Kosov\u00ebs. \u201cPrizren\u00a0 30.04.2026, 14:00. Ankuesja fem\u00ebr kosovare ka raportuar se vajza e saj e mitur, viktima fem\u00ebr kosovare \u00ebsht\u00eb larguar nga sht\u00ebpia dhe nuk di p\u00ebr [&hellip;]<\/p>\n","protected":false},"author":1,"featured_media":108390,"comment_status":"open","ping_status":"open","sticky":false,"template":"","format":"standard","meta":{"footnotes":""},"categories":[17],"tags":[],"class_list":["post-108391","post","type-post","status-publish","format-standard","has-post-thumbnail","hentry","category-kronike"],"_links":{"self":[{"href":"https:\/\/prizrenpost.com\/al\/wp-json\/wp\/v2\/posts\/108391","targetHints":{"allow":["GET"]}}],"collection":[{"href":"https:\/\/prizrenpost.com\/al\/wp-json\/wp\/v2\/posts"}],"about":[{"href":"https:\/\/prizrenpost.com\/al\/wp-json\/wp\/v2\/types\/post"}],"author":[{"embeddable":true,"href":"https:\/\/prizrenpost.com\/al\/wp-json\/wp\/v2\/users\/1"}],"replies":[{"embeddable":true,"href":"https:\/\/prizrenpost.com\/al\/wp-json\/wp\/v2\/comments?post=108391"}],"version-history":[{"count":0,"href":"https:\/\/prizrenpost.com\/al\/wp-json\/wp\/v2\/posts\/108391\/revisions"}],"wp:featuredmedia":[{"embeddable":true,"href":"https:\/\/prizrenpost.com\/al\/wp-json\/wp\/v2\/media\/108390"}],"wp:attachment":[{"href":"https:\/\/prizrenpost.com\/al\/wp-json\/wp\/v2\/media?parent=108391"}],"wp:term":[{"taxonomy":"category","embeddable":true,"href":"https:\/\/prizrenpost.com\/al\/wp-json\/wp\/v2\/categories?post=108391"},{"taxonomy":"post_tag","embeddable":true,"href":"https:\/\/prizrenpost.com\/al\/wp-json\/wp\/v2\/tags?post=108391"}],"curies":[{"name":"wp","href":"https:\/\/api.w.org\/{rel}","templated":true}]}}