{"id":108399,"date":"2026-05-01T10:45:12","date_gmt":"2026-05-01T07:45:12","guid":{"rendered":"https:\/\/prizrenpost.com\/al\/tri-protesta-te-paralajmeruara-per-diten-e-punes\/"},"modified":"2026-05-01T10:45:12","modified_gmt":"2026-05-01T07:45:12","slug":"tri-protesta-te-paralajmeruara-per-diten-e-punes","status":"publish","type":"post","link":"https:\/\/prizrenpost.com\/al\/tri-protesta-te-paralajmeruara-per-diten-e-punes\/","title":{"rendered":"\u200bTri protesta t\u00eb paralajm\u00ebruara p\u00ebr Dit\u00ebn e Pun\u00ebs"},"content":{"rendered":"<figure class=\"post-featured-image\"><img decoding=\"async\" src=\"https:\/\/prizrenpost.com\/al\/wp-content\/uploads\/2026\/05\/1-maji-protesta.jpg\" alt=\"\u200bTri protesta t\u00eb paralajm\u00ebruara p\u00ebr Dit\u00ebn e Pun\u00ebs\"\/><\/figure>\n<p>Me rastin e Dita Nd\u00ebrkomb\u00ebtare e Pun\u00ebs, n\u00eb Prishtina jan\u00eb paralajm\u00ebruar tri protesta nga organizata t\u00eb ndryshme, t\u00eb cilat do t\u00eb zhvillohen n\u00eb orare dhe lokacione t\u00eb ndryshme gjat\u00eb dit\u00ebs.<\/p>\n<p>Sipas njoftimeve zyrtare, protest\u00ebn e par\u00eb do ta mbajn\u00eb p\u00ebrfaq\u00ebsuesit e bizneseve t\u00eb vogla me moton \u201cMjaft m\u00eb me diskriminim!\u201d, duke nisur nga ora 09:00 para Komun\u00ebs s\u00eb Prishtin\u00ebs dhe m\u00eb pas duke vazhduar drejt Zyr\u00ebs s\u00eb Bashkimit Evropian.<\/p>\n<p>Nd\u00ebrkaq, nga ora 10:00, Federata Sindikale e Pun\u00ebtor\u00ebve t\u00eb Sektorit Privat organizon protest\u00eb n\u00eb sheshin Sheshi Zahir Pajaziti, n\u00eb kuad\u00ebr t\u00eb sh\u00ebnimit t\u00eb k\u00ebsaj dite.<\/p>\n<p>Po ashtu, Asambleja Anti-Kapitaliste ka paralajm\u00ebruar protest\u00ebn e saj nga ora 12:00, me sloganin \u201cVota jote injorohet, vota s\u2019mundet\u201d, po n\u00eb t\u00eb nj\u00ebjtin shesh n\u00eb Prishtin\u00eb.<\/p>\n<p>1 Maji njihet si Dita Nd\u00ebrkomb\u00ebtare e Pun\u00ebs. Ky manifestim lindi nga lufta e pun\u00ebtor\u00ebve p\u00ebr t\u00eb k\u00ebrkuar dhe siguruar t\u00eb drejtat, lirit\u00eb dhe kushtet e pun\u00ebs e t\u00eb jetes\u00ebs.<\/p>\n<p>1 Maji \u00ebsht\u00eb nj\u00eb fest\u00eb e themeluar n\u00eb kujtim t\u00eb martirizimit n\u00eb sheshin \u201cHaymarket\u201d dhe p\u00ebr t\u00eb p\u00ebrkujtuar dhe festuar Dit\u00ebn e Solidaritetit Nd\u00ebrkomb\u00ebtar t\u00eb Pun\u00ebtor\u00ebve.<\/p>\n<hr style=\"margin:30px 0\"\/>\n<p style=\"font-size:13px;color:#666\">Burimi: <strong>mesazhi<\/strong><\/p>\n","protected":false},"excerpt":{"rendered":"<p>Me rastin e Dita Nd\u00ebrkomb\u00ebtare e Pun\u00ebs, n\u00eb Prishtina jan\u00eb paralajm\u00ebruar tri protesta nga organizata t\u00eb ndryshme, t\u00eb cilat do t\u00eb zhvillohen n\u00eb orare dhe lokacione t\u00eb ndryshme gjat\u00eb dit\u00ebs. Sipas njoftimeve zyrtare, protest\u00ebn e par\u00eb do ta mbajn\u00eb p\u00ebrfaq\u00ebsuesit e bizneseve t\u00eb vogla me moton \u201cMjaft m\u00eb me diskriminim!\u201d, duke nisur nga ora 09:00 [&hellip;]<\/p>\n","protected":false},"author":1,"featured_media":108398,"comment_status":"open","ping_status":"open","sticky":false,"template":"","format":"standard","meta":{"footnotes":""},"categories":[14],"tags":[3803],"class_list":["post-108399","post","type-post","status-publish","format-standard","has-post-thumbnail","hentry","category-kombetare","tag-aktuale"],"_links":{"self":[{"href":"https:\/\/prizrenpost.com\/al\/wp-json\/wp\/v2\/posts\/108399","targetHints":{"allow":["GET"]}}],"collection":[{"href":"https:\/\/prizrenpost.com\/al\/wp-json\/wp\/v2\/posts"}],"about":[{"href":"https:\/\/prizrenpost.com\/al\/wp-json\/wp\/v2\/types\/post"}],"author":[{"embeddable":true,"href":"https:\/\/prizrenpost.com\/al\/wp-json\/wp\/v2\/users\/1"}],"replies":[{"embeddable":true,"href":"https:\/\/prizrenpost.com\/al\/wp-json\/wp\/v2\/comments?post=108399"}],"version-history":[{"count":0,"href":"https:\/\/prizrenpost.com\/al\/wp-json\/wp\/v2\/posts\/108399\/revisions"}],"wp:featuredmedia":[{"embeddable":true,"href":"https:\/\/prizrenpost.com\/al\/wp-json\/wp\/v2\/media\/108398"}],"wp:attachment":[{"href":"https:\/\/prizrenpost.com\/al\/wp-json\/wp\/v2\/media?parent=108399"}],"wp:term":[{"taxonomy":"category","embeddable":true,"href":"https:\/\/prizrenpost.com\/al\/wp-json\/wp\/v2\/categories?post=108399"},{"taxonomy":"post_tag","embeddable":true,"href":"https:\/\/prizrenpost.com\/al\/wp-json\/wp\/v2\/tags?post=108399"}],"curies":[{"name":"wp","href":"https:\/\/api.w.org\/{rel}","templated":true}]}}