{"id":108406,"date":"2026-05-01T11:35:18","date_gmt":"2026-05-01T08:35:18","guid":{"rendered":"https:\/\/prizrenpost.com\/al\/vdes-ne-spital-nje-person-ishte-lenduar-rreth-1-vit-me-pare-ne-ferizaj\/"},"modified":"2026-05-01T11:35:18","modified_gmt":"2026-05-01T08:35:18","slug":"vdes-ne-spital-nje-person-ishte-lenduar-rreth-1-vit-me-pare-ne-ferizaj","status":"publish","type":"post","link":"https:\/\/prizrenpost.com\/al\/vdes-ne-spital-nje-person-ishte-lenduar-rreth-1-vit-me-pare-ne-ferizaj\/","title":{"rendered":"Vdes n\u00eb spital nj\u00eb person, ishte l\u00ebnduar rreth 1 vit m\u00eb par\u00eb n\u00eb Ferizaj"},"content":{"rendered":"<figure class=\"post-featured-image\"><img decoding=\"async\" src=\"https:\/\/prizrenpost.com\/al\/wp-content\/uploads\/2026\/05\/spitali-i-prizrenit-1.jpg\" alt=\"Vdes n\u00eb spital nj\u00eb person, ishte l\u00ebnduar rreth 1 vit m\u00eb par\u00eb n\u00eb Ferizaj\"\/><\/figure>\n<p>Nj\u00eb person ka vdekur n\u00eb Spitalin e Prizrenit t\u00eb enjten (30 prill), i cili po trajtohej n\u00eb gjendje kome si pasoj\u00eb e nj\u00eb rasti t\u00eb ndodhur rreth 1 vit m\u00eb par\u00eb n\u00eb Ferizaj.<\/p>\n<p>Sipas njoftimit t\u00eb Policis\u00eb n\u00eb raportin 24-or\u00ebsh, shkaktari i dyshuar i k\u00ebtij l\u00ebndimi \u00ebsht\u00eb nj\u00eb shtetas i Shqip\u00ebris\u00eb, i cili ende gjendet n\u00eb arrati.<\/p>\n<p>\u201cFerizaj \/ 26.05.2025-19:20. Lidhur me rastin \u00ebsht\u00eb raportuar se viktima mashkull kosovar, i cili ka qen\u00eb n\u00eb gjendje kome duke u trajtuar n\u00eb Spitalin e Prizrenit, me 30.04.2026 ka nd\u00ebrruar jet\u00eb. Vdekjen e tij e ka konfirmuar ekipi mjek\u00ebsor, nd\u00ebrsa i dyshuari shtetas i Shqip\u00ebris\u00eb gjendet n\u00eb arrati. Rasti n\u00eb procedur\u00eb hetimore\u201d, ka njoftuar Policia.<\/p>\n<p>Rasti \u00ebsht\u00eb cil\u00ebsuar si \u201cL\u00ebndim i r\u00ebnd\u00eb trupor me pasoja vdekje\u201d. \/Klankosova.tv<\/p>\n<hr style=\"margin:30px 0\"\/>\n<p style=\"font-size:13px;color:#666\">Burimi: <strong>klankosova<\/strong><\/p>\n","protected":false},"excerpt":{"rendered":"<p>Nj\u00eb person ka vdekur n\u00eb Spitalin e Prizrenit t\u00eb enjten (30 prill), i cili po trajtohej n\u00eb gjendje kome si pasoj\u00eb e nj\u00eb rasti t\u00eb ndodhur rreth 1 vit m\u00eb par\u00eb n\u00eb Ferizaj. Sipas njoftimit t\u00eb Policis\u00eb n\u00eb raportin 24-or\u00ebsh, shkaktari i dyshuar i k\u00ebtij l\u00ebndimi \u00ebsht\u00eb nj\u00eb shtetas i Shqip\u00ebris\u00eb, i cili ende gjendet [&hellip;]<\/p>\n","protected":false},"author":1,"featured_media":108405,"comment_status":"open","ping_status":"open","sticky":false,"template":"","format":"standard","meta":{"footnotes":""},"categories":[17],"tags":[],"class_list":["post-108406","post","type-post","status-publish","format-standard","has-post-thumbnail","hentry","category-kronike"],"_links":{"self":[{"href":"https:\/\/prizrenpost.com\/al\/wp-json\/wp\/v2\/posts\/108406","targetHints":{"allow":["GET"]}}],"collection":[{"href":"https:\/\/prizrenpost.com\/al\/wp-json\/wp\/v2\/posts"}],"about":[{"href":"https:\/\/prizrenpost.com\/al\/wp-json\/wp\/v2\/types\/post"}],"author":[{"embeddable":true,"href":"https:\/\/prizrenpost.com\/al\/wp-json\/wp\/v2\/users\/1"}],"replies":[{"embeddable":true,"href":"https:\/\/prizrenpost.com\/al\/wp-json\/wp\/v2\/comments?post=108406"}],"version-history":[{"count":0,"href":"https:\/\/prizrenpost.com\/al\/wp-json\/wp\/v2\/posts\/108406\/revisions"}],"wp:featuredmedia":[{"embeddable":true,"href":"https:\/\/prizrenpost.com\/al\/wp-json\/wp\/v2\/media\/108405"}],"wp:attachment":[{"href":"https:\/\/prizrenpost.com\/al\/wp-json\/wp\/v2\/media?parent=108406"}],"wp:term":[{"taxonomy":"category","embeddable":true,"href":"https:\/\/prizrenpost.com\/al\/wp-json\/wp\/v2\/categories?post=108406"},{"taxonomy":"post_tag","embeddable":true,"href":"https:\/\/prizrenpost.com\/al\/wp-json\/wp\/v2\/tags?post=108406"}],"curies":[{"name":"wp","href":"https:\/\/api.w.org\/{rel}","templated":true}]}}