{"id":108408,"date":"2026-05-01T11:55:09","date_gmt":"2026-05-01T08:55:09","guid":{"rendered":"https:\/\/prizrenpost.com\/al\/izraeli-vazhdon-sulmet-ajrore-ne-jug-te-libanit-2-te-vrare-dhe-10-te-plagosur\/"},"modified":"2026-05-01T11:55:09","modified_gmt":"2026-05-01T08:55:09","slug":"izraeli-vazhdon-sulmet-ajrore-ne-jug-te-libanit-2-te-vrare-dhe-10-te-plagosur","status":"publish","type":"post","link":"https:\/\/prizrenpost.com\/al\/izraeli-vazhdon-sulmet-ajrore-ne-jug-te-libanit-2-te-vrare-dhe-10-te-plagosur\/","title":{"rendered":"Izraeli vazhdon sulmet ajrore n\u00eb jug t\u00eb Libanit, 2 t\u00eb vrar\u00eb dhe 10 t\u00eb plagosur"},"content":{"rendered":"<figure class=\"post-featured-image\"><img decoding=\"async\" src=\"https:\/\/prizrenpost.com\/al\/wp-content\/uploads\/2026\/05\/thumbs_b_c_0cfb9e289d10df9dbbf1906b5c7f7c9e.jpg\" alt=\"Izraeli vazhdon sulmet ajrore n\u00eb jug t\u00eb Libanit, 2 t\u00eb vrar\u00eb dhe 10 t\u00eb plagosur\"\/><\/figure>\n<p>Dy persona u vran\u00eb dhe 10 t\u00eb tjer\u00eb u plagos\u00ebn n\u00eb nj\u00eb sulm t\u00eb ri ajror izraelit n\u00eb jug t\u00eb Libanit t\u00eb premten, pavar\u00ebsisht nj\u00eb arm\u00ebpushimi t\u00eb p\u00ebrkohsh\u00ebm, sipas Agjencis\u00eb Komb\u00ebtare t\u00eb Lajmeve, transmeton Anadolu.<\/p>\n<p>Duke cituar Ministrin\u00eb e Sh\u00ebndet\u00ebsis\u00eb, agjencia b\u00ebri t\u00eb ditur se sulmi kishte n\u00eb sh\u00ebnjest\u00ebr qytetin Nabatieh al-Fawqa, duke shkaktuar viktima.<\/p>\n<p>T\u00eb enjten, t\u00eb pakt\u00ebn 29 persona, p\u00ebrfshir\u00eb kat\u00ebr an\u00ebtar\u00eb t\u00eb nj\u00eb familjeje, u vran\u00eb dhe 42 t\u00eb tjer\u00eb u plagos\u00ebn nga sulmet ajrore izraelite n\u00eb disa qytete n\u00eb jug t\u00eb Libanit.<\/p>\n<p>N\u00eb p\u00ebrgjigje t\u00eb kund\u00ebrp\u00ebrgjigjes s\u00eb Hezbollahut ndaj luft\u00ebs me Iranin, Izraeli ka nd\u00ebrmarr\u00eb nj\u00eb ofensiv\u00eb n\u00eb Liban q\u00eb nga 2 marsi, duke vrar\u00eb afro 2.600 persona dhe duke zhvendosur mbi 1 milion t\u00eb tjer\u00eb.<\/p>\n<p>Nj\u00eb arm\u00ebpushim 10-ditor q\u00eb filloi m\u00eb 17 prill u zgjat m\u00eb pas deri m\u00eb 17 maj, por Izraeli vazhdon ta shkel\u00eb at\u00eb \u00e7do dit\u00eb p\u00ebrmes sulmeve ajrore dhe shkat\u00ebrrimit t\u00eb sht\u00ebpive n\u00eb jug t\u00eb Libanit. Nj\u00eb arm\u00ebpushim i m\u00ebparsh\u00ebm ishte arritur n\u00eb n\u00ebntor 2024.<\/p>\n<hr style=\"margin:30px 0\"\/>\n<p style=\"font-size:13px;color:#666\">Burimi: <strong>mesazhi<\/strong><\/p>\n","protected":false},"excerpt":{"rendered":"<p>Dy persona u vran\u00eb dhe 10 t\u00eb tjer\u00eb u plagos\u00ebn n\u00eb nj\u00eb sulm t\u00eb ri ajror izraelit n\u00eb jug t\u00eb Libanit t\u00eb premten, pavar\u00ebsisht nj\u00eb arm\u00ebpushimi t\u00eb p\u00ebrkohsh\u00ebm, sipas Agjencis\u00eb Komb\u00ebtare t\u00eb Lajmeve, transmeton Anadolu. Duke cituar Ministrin\u00eb e Sh\u00ebndet\u00ebsis\u00eb, agjencia b\u00ebri t\u00eb ditur se sulmi kishte n\u00eb sh\u00ebnjest\u00ebr qytetin Nabatieh al-Fawqa, duke shkaktuar viktima. [&hellip;]<\/p>\n","protected":false},"author":1,"featured_media":108407,"comment_status":"open","ping_status":"open","sticky":false,"template":"","format":"standard","meta":{"footnotes":""},"categories":[24],"tags":[3803],"class_list":["post-108408","post","type-post","status-publish","format-standard","has-post-thumbnail","hentry","category-bote","tag-aktuale"],"_links":{"self":[{"href":"https:\/\/prizrenpost.com\/al\/wp-json\/wp\/v2\/posts\/108408","targetHints":{"allow":["GET"]}}],"collection":[{"href":"https:\/\/prizrenpost.com\/al\/wp-json\/wp\/v2\/posts"}],"about":[{"href":"https:\/\/prizrenpost.com\/al\/wp-json\/wp\/v2\/types\/post"}],"author":[{"embeddable":true,"href":"https:\/\/prizrenpost.com\/al\/wp-json\/wp\/v2\/users\/1"}],"replies":[{"embeddable":true,"href":"https:\/\/prizrenpost.com\/al\/wp-json\/wp\/v2\/comments?post=108408"}],"version-history":[{"count":0,"href":"https:\/\/prizrenpost.com\/al\/wp-json\/wp\/v2\/posts\/108408\/revisions"}],"wp:featuredmedia":[{"embeddable":true,"href":"https:\/\/prizrenpost.com\/al\/wp-json\/wp\/v2\/media\/108407"}],"wp:attachment":[{"href":"https:\/\/prizrenpost.com\/al\/wp-json\/wp\/v2\/media?parent=108408"}],"wp:term":[{"taxonomy":"category","embeddable":true,"href":"https:\/\/prizrenpost.com\/al\/wp-json\/wp\/v2\/categories?post=108408"},{"taxonomy":"post_tag","embeddable":true,"href":"https:\/\/prizrenpost.com\/al\/wp-json\/wp\/v2\/tags?post=108408"}],"curies":[{"name":"wp","href":"https:\/\/api.w.org\/{rel}","templated":true}]}}