{"id":108424,"date":"2026-05-01T13:55:10","date_gmt":"2026-05-01T10:55:10","guid":{"rendered":"https:\/\/prizrenpost.com\/al\/irani-tall-amerikanet-publikon-harten-e-shba-se-patci-fat-ne-bllokade\/"},"modified":"2026-05-01T13:55:10","modified_gmt":"2026-05-01T10:55:10","slug":"irani-tall-amerikanet-publikon-harten-e-shba-se-patci-fat-ne-bllokade","status":"publish","type":"post","link":"https:\/\/prizrenpost.com\/al\/irani-tall-amerikanet-publikon-harten-e-shba-se-patci-fat-ne-bllokade\/","title":{"rendered":"Irani tall amerikan\u00ebt, publikon hart\u00ebn e SHBA-s\u00eb: \u201cPat\u00e7i fat n\u00eb bllokad\u00eb\u2026\u201d"},"content":{"rendered":"<figure class=\"post-featured-image\"><img decoding=\"async\" src=\"https:\/\/prizrenpost.com\/al\/wp-content\/uploads\/2026\/05\/karta-sad-mohammad-baqer-qalibaf-foto-x-30april26.jpg\" alt=\"Irani tall amerikan\u00ebt, publikon hart\u00ebn e SHBA-s\u00eb: \u201cPat\u00e7i fat n\u00eb bllokad\u00eb\u2026\u201d\"\/><\/figure>\n<p><em>Lufta vazhdon, por p\u00ebr momentin me deklarata dhe shantazhe ujor<\/em><\/p>\n<p>Nd\u00ebrsa priste q\u00eb Presidenti i SHBA-s\u00eb Donald Trump t\u00eb merrte nj\u00eb vendim se si t\u00eb vazhdonte konfliktin me Iranin, kryetari i parlamentit t\u00eb k\u00ebtij vendi t\u00eb Lindjes s\u00eb Mesme ka folur hapur.<\/p>\n<p>N\u00eb mesazhin e tij n\u00eb rrjetin social X, Mohammad-Baqer Qalibaf tall amerikan\u00ebt. Ai publikoi nj\u00eb hart\u00eb t\u00eb Shteteve t\u00eb Bashkuara s\u00eb bashku me mesazhin.<\/p>\n<p>\u201cN\u00ebse nd\u00ebrtoni dy mure, nj\u00eb nga Nju Jorku n\u00eb Bregun Per\u00ebndimor dhe tjetrin nga Los Anxhelosi n\u00eb Bregun Lindor, gjat\u00ebsia totale do t\u00eb jet\u00eb 7,755 km, q\u00eb \u00ebsht\u00eb ende rreth 1,000 km m\u00eb pak se kufijt\u00eb e p\u00ebrgjithsh\u00ebm t\u00eb Iranit. Pat\u00e7i fat n\u00eb bllokimin e nj\u00eb vendi me kufij t\u00eb till\u00eb\u201d, tha Ghalibaf.<\/p>\n<p>Ai la gjithashtu nj\u00eb sh\u00ebnim p\u00ebr Sekretarin e Mbrojtjes t\u00eb SHBA-s\u00eb Pete Hegseth.<\/p>\n<p>\u201cNj\u00eb kilomet\u00ebr \u00ebsht\u00eb 0.62 milje\u201d, tha ai. \/tesheshi<\/p>\n<hr style=\"margin:30px 0\"\/>\n<p style=\"font-size:13px;color:#666\">Burimi: <strong>mesazhi<\/strong><\/p>\n","protected":false},"excerpt":{"rendered":"<p>Lufta vazhdon, por p\u00ebr momentin me deklarata dhe shantazhe ujor Nd\u00ebrsa priste q\u00eb Presidenti i SHBA-s\u00eb Donald Trump t\u00eb merrte nj\u00eb vendim se si t\u00eb vazhdonte konfliktin me Iranin, kryetari i parlamentit t\u00eb k\u00ebtij vendi t\u00eb Lindjes s\u00eb Mesme ka folur hapur. N\u00eb mesazhin e tij n\u00eb rrjetin social X, Mohammad-Baqer Qalibaf tall amerikan\u00ebt. Ai [&hellip;]<\/p>\n","protected":false},"author":1,"featured_media":108423,"comment_status":"open","ping_status":"open","sticky":false,"template":"","format":"standard","meta":{"footnotes":""},"categories":[24],"tags":[3803],"class_list":["post-108424","post","type-post","status-publish","format-standard","has-post-thumbnail","hentry","category-bote","tag-aktuale"],"_links":{"self":[{"href":"https:\/\/prizrenpost.com\/al\/wp-json\/wp\/v2\/posts\/108424","targetHints":{"allow":["GET"]}}],"collection":[{"href":"https:\/\/prizrenpost.com\/al\/wp-json\/wp\/v2\/posts"}],"about":[{"href":"https:\/\/prizrenpost.com\/al\/wp-json\/wp\/v2\/types\/post"}],"author":[{"embeddable":true,"href":"https:\/\/prizrenpost.com\/al\/wp-json\/wp\/v2\/users\/1"}],"replies":[{"embeddable":true,"href":"https:\/\/prizrenpost.com\/al\/wp-json\/wp\/v2\/comments?post=108424"}],"version-history":[{"count":0,"href":"https:\/\/prizrenpost.com\/al\/wp-json\/wp\/v2\/posts\/108424\/revisions"}],"wp:featuredmedia":[{"embeddable":true,"href":"https:\/\/prizrenpost.com\/al\/wp-json\/wp\/v2\/media\/108423"}],"wp:attachment":[{"href":"https:\/\/prizrenpost.com\/al\/wp-json\/wp\/v2\/media?parent=108424"}],"wp:term":[{"taxonomy":"category","embeddable":true,"href":"https:\/\/prizrenpost.com\/al\/wp-json\/wp\/v2\/categories?post=108424"},{"taxonomy":"post_tag","embeddable":true,"href":"https:\/\/prizrenpost.com\/al\/wp-json\/wp\/v2\/tags?post=108424"}],"curies":[{"name":"wp","href":"https:\/\/api.w.org\/{rel}","templated":true}]}}