{"id":108428,"date":"2026-05-01T15:05:09","date_gmt":"2026-05-01T12:05:09","guid":{"rendered":"https:\/\/prizrenpost.com\/al\/gazetari-palestinez-i-liruar-i-pershkruan-burgjet-izraelite-si-varre-te-gjalla\/"},"modified":"2026-05-01T15:05:09","modified_gmt":"2026-05-01T12:05:09","slug":"gazetari-palestinez-i-liruar-i-pershkruan-burgjet-izraelite-si-varre-te-gjalla","status":"publish","type":"post","link":"https:\/\/prizrenpost.com\/al\/gazetari-palestinez-i-liruar-i-pershkruan-burgjet-izraelite-si-varre-te-gjalla\/","title":{"rendered":"Gazetari palestinez i liruar i p\u00ebrshkruan burgjet izraelite si \u201cvarre t\u00eb gjalla\u201d"},"content":{"rendered":"<figure class=\"post-featured-image\"><img decoding=\"async\" src=\"https:\/\/prizrenpost.com\/al\/wp-content\/uploads\/2026\/05\/thumbs_b_c_bc08faed71f06ba3bbf3ba5e8fadeef5.jpg\" alt=\"Gazetari palestinez i liruar i p\u00ebrshkruan burgjet izraelite si \u201cvarre t\u00eb gjalla\u201d\"\/><\/figure>\n<p>Nj\u00eb gazetar palestinez i liruar nga paraburgimi izraelit i p\u00ebrshkroi burgjet e vendit si &#8220;varre t\u00eb gjalla&#8221;, duke detajuar p\u00ebrkeq\u00ebsimin e r\u00ebnd\u00eb fizik pas nj\u00eb viti n\u00eb paraburgim, transmeton Anadolu.<\/p>\n<p>Ali Samoudi, 59-vje\u00e7, foli me gazetar\u00ebt t\u00eb enjten pas lirimit t\u00eb tij pas nj\u00eb viti paraburgimi administrativ.<\/p>\n<p>Ai tha se humbi gati gjysm\u00ebn e pesh\u00ebs s\u00eb trupit gjat\u00eb paraburgimit, duke r\u00ebn\u00eb nga 120 kilogram\u00eb n\u00eb rreth 60, gj\u00eb q\u00eb ai ia atribuoi asaj q\u00eb ai e p\u00ebrshkroi si politika t\u00eb uris\u00eb dhe kushteve t\u00eb tmerrshme brenda burgjeve izraelite.<\/p>\n<p>Shoqata e t\u00eb Burgosurve Palestinez\u00eb tha se Samoudi u lirua n\u00eb nj\u00eb gjendje duksh\u00ebm t\u00eb p\u00ebrkeq\u00ebsuar, duke v\u00ebn\u00eb n\u00eb dukje se ai dukej &#8220;krejt\u00ebsisht ndryshe&#8221; pas muajsh abuzimi, transferimesh t\u00eb p\u00ebrs\u00ebritura dhe mohimit t\u00eb t\u00eb drejtave themelore.<\/p>\n<p>N\u00eb d\u00ebshmin\u00eb e tij, Samoudi tha se t\u00eb burgosurit po jetojn\u00eb n\u00eb kushte jasht\u00ebzakonisht t\u00eb v\u00ebshtira, duke p\u00ebrmendur mungesat e ushqimit, ushqimet me cil\u00ebsi t\u00eb dob\u00ebt dhe munges\u00ebn e nevojave themelore.<\/p>\n<p>Ai u b\u00ebri thirrje familjeve t\u00eb t\u00eb burgosurve t\u00eb mos i braktisin t\u00eb af\u00ebrmit e tyre, duke paralajm\u00ebruar se kushtet brenda burgjeve po p\u00ebrkeq\u00ebsohen.<\/p>\n<p>Sipas Shoqat\u00ebs s\u00eb t\u00eb Burgosurve, Samoudi \u00ebsht\u00eb midis m\u00eb shum\u00eb se 3.530 palestinez\u00ebve t\u00eb mbajtur n\u00ebn paraburgim administrativ, p\u00ebrve\u00e7 mbi 40 gazetar\u00ebve q\u00eb ende mbahen n\u00eb burgjet izraelite, p\u00ebrfshir\u00eb kat\u00ebr gra.<\/p>\n<p>Grupi p\u00ebrs\u00ebriti thirrjet p\u00ebr lirimin e t\u00eb gjith\u00eb gazetar\u00ebve t\u00eb ndaluar dhe i k\u00ebrkoi komunitetit nd\u00ebrkomb\u00ebtar t\u00eb marr\u00eb p\u00ebrgjegj\u00ebsin\u00eb p\u00ebr shkeljet e vazhdueshme kund\u00ebr t\u00eb burgosurve.<\/p>\n<p>M\u00eb shum\u00eb se 9.600 palestinez\u00eb mbeten n\u00eb burgjet izraelite, p\u00ebrfshir\u00eb gra dhe f\u00ebmij\u00eb, duke u p\u00ebrballur me tortura, uri dhe neglizhenc\u00eb mjek\u00ebsore, t\u00eb cilat kan\u00eb \u00e7uar n\u00eb vdekjen e dhjet\u00ebra personave, sipas grupeve t\u00eb t\u00eb drejtave palestineze dhe izraelite.<\/p>\n<hr style=\"margin:30px 0\"\/>\n<p style=\"font-size:13px;color:#666\">Burimi: <strong>mesazhi<\/strong><\/p>\n","protected":false},"excerpt":{"rendered":"<p>Nj\u00eb gazetar palestinez i liruar nga paraburgimi izraelit i p\u00ebrshkroi burgjet e vendit si &#8220;varre t\u00eb gjalla&#8221;, duke detajuar p\u00ebrkeq\u00ebsimin e r\u00ebnd\u00eb fizik pas nj\u00eb viti n\u00eb paraburgim, transmeton Anadolu. Ali Samoudi, 59-vje\u00e7, foli me gazetar\u00ebt t\u00eb enjten pas lirimit t\u00eb tij pas nj\u00eb viti paraburgimi administrativ. Ai tha se humbi gati gjysm\u00ebn e pesh\u00ebs [&hellip;]<\/p>\n","protected":false},"author":1,"featured_media":108427,"comment_status":"open","ping_status":"open","sticky":false,"template":"","format":"standard","meta":{"footnotes":""},"categories":[24],"tags":[3803],"class_list":["post-108428","post","type-post","status-publish","format-standard","has-post-thumbnail","hentry","category-bote","tag-aktuale"],"_links":{"self":[{"href":"https:\/\/prizrenpost.com\/al\/wp-json\/wp\/v2\/posts\/108428","targetHints":{"allow":["GET"]}}],"collection":[{"href":"https:\/\/prizrenpost.com\/al\/wp-json\/wp\/v2\/posts"}],"about":[{"href":"https:\/\/prizrenpost.com\/al\/wp-json\/wp\/v2\/types\/post"}],"author":[{"embeddable":true,"href":"https:\/\/prizrenpost.com\/al\/wp-json\/wp\/v2\/users\/1"}],"replies":[{"embeddable":true,"href":"https:\/\/prizrenpost.com\/al\/wp-json\/wp\/v2\/comments?post=108428"}],"version-history":[{"count":0,"href":"https:\/\/prizrenpost.com\/al\/wp-json\/wp\/v2\/posts\/108428\/revisions"}],"wp:featuredmedia":[{"embeddable":true,"href":"https:\/\/prizrenpost.com\/al\/wp-json\/wp\/v2\/media\/108427"}],"wp:attachment":[{"href":"https:\/\/prizrenpost.com\/al\/wp-json\/wp\/v2\/media?parent=108428"}],"wp:term":[{"taxonomy":"category","embeddable":true,"href":"https:\/\/prizrenpost.com\/al\/wp-json\/wp\/v2\/categories?post=108428"},{"taxonomy":"post_tag","embeddable":true,"href":"https:\/\/prizrenpost.com\/al\/wp-json\/wp\/v2\/tags?post=108428"}],"curies":[{"name":"wp","href":"https:\/\/api.w.org\/{rel}","templated":true}]}}