{"id":108440,"date":"2026-05-01T16:05:15","date_gmt":"2026-05-01T13:05:15","guid":{"rendered":"https:\/\/prizrenpost.com\/al\/kryeministri-libanez-zotohet-te-rimarre-cdo-centimeter-te-tokes-se-pushtuar-dhe-te-nxise-rimekembjen-ekonomike\/"},"modified":"2026-05-01T16:05:15","modified_gmt":"2026-05-01T13:05:15","slug":"kryeministri-libanez-zotohet-te-rimarre-cdo-centimeter-te-tokes-se-pushtuar-dhe-te-nxise-rimekembjen-ekonomike","status":"publish","type":"post","link":"https:\/\/prizrenpost.com\/al\/kryeministri-libanez-zotohet-te-rimarre-cdo-centimeter-te-tokes-se-pushtuar-dhe-te-nxise-rimekembjen-ekonomike\/","title":{"rendered":"Kryeministri libanez zotohet t\u00eb rimarr\u00eb \u201c\u00e7do centimet\u00ebr\u201d t\u00eb tok\u00ebs s\u00eb pushtuar dhe t\u00eb nxis\u00eb rim\u00ebk\u00ebmbjen ekonomike"},"content":{"rendered":"<figure class=\"post-featured-image\"><img decoding=\"async\" src=\"https:\/\/prizrenpost.com\/al\/wp-content\/uploads\/2026\/05\/thumbs_b_c_9dd3b618bddb96f85a839c88f98cd63e.jpg\" alt=\"Kryeministri libanez zotohet t\u00eb rimarr\u00eb \u201c\u00e7do centimet\u00ebr\u201d t\u00eb tok\u00ebs s\u00eb pushtuar dhe t\u00eb nxis\u00eb rim\u00ebk\u00ebmbjen ekonomike\"\/><\/figure>\n<p>Kryeministri libanez, Nawaf Salam, u zotua t\u00eb premten t\u00eb rimarr\u00eb &#8220;\u00e7do centimet\u00ebr&#8221; t\u00eb territorit t\u00eb pushtuar dhe p\u00ebr t\u00eb \u00e7uar p\u00ebrpara p\u00ebrpjekjet e rim\u00ebk\u00ebmbjes ekonomike, transmeton Anadolu.<\/p>\n<p>N\u00eb nj\u00eb deklarat\u00eb t\u00eb postuar nga zyra e kryeministrit t\u00eb Libanit n\u00eb platform\u00ebn e kompanis\u00eb amerikane t\u00eb mediave sociale X, Salam n\u00eb nj\u00eb mesazh q\u00eb sh\u00ebnon Dit\u00ebn e Pun\u00ebs iu drejtua pun\u00ebtor\u00ebve n\u00eb t\u00eb gjith\u00eb Libanin, duke pranuar v\u00ebshtir\u00ebsit\u00eb me t\u00eb cilat p\u00ebrballen shum\u00eb prej tyre n\u00eb mes t\u00eb nj\u00eb krize t\u00eb zgjatur ekonomike.<\/p>\n<p>&#8220;Un\u00eb e kuptoj shkall\u00ebn e vuajtjeve q\u00eb shum\u00eb prej jush po p\u00ebrjetojn\u00eb, nga humbja e vendeve t\u00eb pun\u00ebs dhe r\u00ebnia e fuqis\u00eb bler\u00ebse deri te presionet e p\u00ebrditshme q\u00eb ju r\u00ebndojn\u00eb shum\u00eb&#8221;, tha ai.<\/p>\n<p>Salam u zotua se qeveria do t\u00eb vazhdoj\u00eb t\u00eb punoj\u00eb p\u00ebr t\u00eb p\u00ebrmir\u00ebsuar kushtet e jetes\u00ebs, p\u00ebr t\u00eb rikthyer tok\u00ebn e pushtuar dhe p\u00ebr t\u00eb ecur p\u00ebrpara me reformat.<\/p>\n<p>&#8220;Ne do t\u00eb vazhdojm\u00eb pun\u00ebn serioze p\u00ebr t\u00eb p\u00ebrmir\u00ebsuar kushtet tuaja t\u00eb jetes\u00ebs, p\u00ebr t\u00eb rikthyer \u00e7do centimet\u00ebr t\u00eb tok\u00ebs son\u00eb t\u00eb pushtuar dhe p\u00ebr t\u00eb \u00e7uar p\u00ebrpara p\u00ebrpjekjet e reformave dhe rim\u00ebk\u00ebmbjen ekonomike&#8221;, tha ai.<\/p>\n<p>Q\u00eb nga viti 2019, Libani ka p\u00ebrjetuar nj\u00eb kolaps financiar t\u00eb p\u00ebrshkruar nga Banka Bot\u00ebrore si nj\u00eb nga m\u00eb t\u00eb k\u00ebqijt\u00eb n\u00eb historin\u00eb moderne. Paundi libanez ka humbur m\u00eb shum\u00eb se 98 p\u00ebr qind t\u00eb vler\u00ebs s\u00eb tij, duke u dob\u00ebsuar nga rreth 1.500 n\u00eb rreth 90.000 p\u00ebr dollar.<\/p>\n<p>Salam shtoi se qeveria synon t\u00eb krijoj\u00eb mund\u00ebsi t\u00eb reja pune, t\u00eb rivendos\u00eb stabilitetin dhe ta vendos\u00eb vendin n\u00eb rrug\u00ebn drejt &#8220;rim\u00ebk\u00ebmbjes s\u00eb v\u00ebrtet\u00eb&#8221;.<\/p>\n<p>Kriza ekonomike e Libanit \u00ebsht\u00eb thelluar koh\u00ebt e fundit, e p\u00ebrkeq\u00ebsuar nga sulmet izraelite dhe zhvendosjet e vazhdueshme. Nj\u00eb p\u00ebrdit\u00ebsim i s\u00eb m\u00ebrkur\u00ebs nga Organizata e Ushqimit dhe Bujq\u00ebsis\u00eb dhe Programi Bot\u00ebror i Ushqimit zbuloi se rreth 1,24 milion\u00eb njer\u00ebz &#8211; pothuajse nj\u00eb n\u00eb kat\u00ebr t\u00eb vler\u00ebsuar &#8211; pritet t\u00eb p\u00ebrballen me pasiguri akute ushqimore n\u00eb nivele krize midis prillit dhe gushtit 2026.<\/p>\n<p>Raporti tha se dhuna dhe zhvendosja n\u00eb rritje q\u00eb nga fillimi i marsit kan\u00eb nxitur p\u00ebrkeq\u00ebsimin e kushteve t\u00eb siguris\u00eb ushqimore.<\/p>\n<p>N\u00eb p\u00ebrgjigje t\u00eb hakmarrjes s\u00eb Hezbollahut ndaj luft\u00ebs s\u00eb Iranit, Izraeli ka zhvilluar nj\u00eb ofensiv\u00eb n\u00eb Liban q\u00eb nga 2 marsi, duke vrar\u00eb gati 2.600 njer\u00ebz dhe duke zhvendosur mbi 1 milion t\u00eb tjer\u00eb.<\/p>\n<p>Nj\u00eb arm\u00ebpushim 10-ditor q\u00eb filloi m\u00eb 17 prill u zgjat m\u00eb von\u00eb deri m\u00eb 17 maj, por Izraeli vazhdon ta shkel\u00eb at\u00eb \u00e7do dit\u00eb p\u00ebrmes sulmeve ajrore dhe prishjes s\u00eb sht\u00ebpive n\u00eb Libanin jugor.<\/p>\n<p>N\u00eb prill, ushtria izraelite njoftoi vendosjen e t\u00eb ashtuquajtur\u00ebs &#8220;Vij\u00eb e Verdh\u00eb&#8221; n\u00eb jug t\u00eb lumit Litani, nj\u00eb kufi ideal q\u00eb p\u00ebrcakton zon\u00ebn q\u00eb shtrihet deri n\u00eb kufi si nj\u00eb &#8220;zon\u00eb tampon sigurie&#8221;, n\u00eb nj\u00eb hap q\u00eb t\u00eb kujton modelin e Gaz\u00ebs.<\/p>\n<p>Izraeli thot\u00eb se zona ka p\u00ebr q\u00ebllim t\u00eb parandaloj\u00eb kthimin e banor\u00ebve t\u00eb zhvendosur dhe t\u00eb sh\u00ebnjestroj\u00eb \u00e7do aktivitet t\u00eb armatosur, duke e klasifikuar at\u00eb si nj\u00eb &#8220;zon\u00eb luftimi&#8221; q\u00eb nuk i n\u00ebnshtrohet marr\u00ebveshjeve t\u00eb arm\u00ebpushimit.<\/p>\n<hr style=\"margin:30px 0\"\/>\n<p style=\"font-size:13px;color:#666\">Burimi: <strong>mesazhi<\/strong><\/p>\n","protected":false},"excerpt":{"rendered":"<p>Kryeministri libanez, Nawaf Salam, u zotua t\u00eb premten t\u00eb rimarr\u00eb &#8220;\u00e7do centimet\u00ebr&#8221; t\u00eb territorit t\u00eb pushtuar dhe p\u00ebr t\u00eb \u00e7uar p\u00ebrpara p\u00ebrpjekjet e rim\u00ebk\u00ebmbjes ekonomike, transmeton Anadolu. N\u00eb nj\u00eb deklarat\u00eb t\u00eb postuar nga zyra e kryeministrit t\u00eb Libanit n\u00eb platform\u00ebn e kompanis\u00eb amerikane t\u00eb mediave sociale X, Salam n\u00eb nj\u00eb mesazh q\u00eb sh\u00ebnon Dit\u00ebn e [&hellip;]<\/p>\n","protected":false},"author":1,"featured_media":108439,"comment_status":"open","ping_status":"open","sticky":false,"template":"","format":"standard","meta":{"footnotes":""},"categories":[24],"tags":[3803],"class_list":["post-108440","post","type-post","status-publish","format-standard","has-post-thumbnail","hentry","category-bote","tag-aktuale"],"_links":{"self":[{"href":"https:\/\/prizrenpost.com\/al\/wp-json\/wp\/v2\/posts\/108440","targetHints":{"allow":["GET"]}}],"collection":[{"href":"https:\/\/prizrenpost.com\/al\/wp-json\/wp\/v2\/posts"}],"about":[{"href":"https:\/\/prizrenpost.com\/al\/wp-json\/wp\/v2\/types\/post"}],"author":[{"embeddable":true,"href":"https:\/\/prizrenpost.com\/al\/wp-json\/wp\/v2\/users\/1"}],"replies":[{"embeddable":true,"href":"https:\/\/prizrenpost.com\/al\/wp-json\/wp\/v2\/comments?post=108440"}],"version-history":[{"count":0,"href":"https:\/\/prizrenpost.com\/al\/wp-json\/wp\/v2\/posts\/108440\/revisions"}],"wp:featuredmedia":[{"embeddable":true,"href":"https:\/\/prizrenpost.com\/al\/wp-json\/wp\/v2\/media\/108439"}],"wp:attachment":[{"href":"https:\/\/prizrenpost.com\/al\/wp-json\/wp\/v2\/media?parent=108440"}],"wp:term":[{"taxonomy":"category","embeddable":true,"href":"https:\/\/prizrenpost.com\/al\/wp-json\/wp\/v2\/categories?post=108440"},{"taxonomy":"post_tag","embeddable":true,"href":"https:\/\/prizrenpost.com\/al\/wp-json\/wp\/v2\/tags?post=108440"}],"curies":[{"name":"wp","href":"https:\/\/api.w.org\/{rel}","templated":true}]}}