{"id":108446,"date":"2026-05-01T17:10:11","date_gmt":"2026-05-01T14:10:11","guid":{"rendered":"https:\/\/prizrenpost.com\/al\/raportohet-se-ndertimi-i-murit-ne-kufirin-shba-meksike-ka-demtuar-nje-vendbanim-indigjen-1000-vjecar\/"},"modified":"2026-05-01T17:10:11","modified_gmt":"2026-05-01T14:10:11","slug":"raportohet-se-ndertimi-i-murit-ne-kufirin-shba-meksike-ka-demtuar-nje-vendbanim-indigjen-1000-vjecar","status":"publish","type":"post","link":"https:\/\/prizrenpost.com\/al\/raportohet-se-ndertimi-i-murit-ne-kufirin-shba-meksike-ka-demtuar-nje-vendbanim-indigjen-1000-vjecar\/","title":{"rendered":"Raportohet se nd\u00ebrtimi i murit n\u00eb kufirin SHBA-Meksik\u00eb ka d\u00ebmtuar nj\u00eb vendbanim indigjen 1000-vje\u00e7ar"},"content":{"rendered":"<figure class=\"post-featured-image\"><img decoding=\"async\" src=\"https:\/\/prizrenpost.com\/al\/wp-content\/uploads\/2026\/05\/thumbs_b_c_eea59137186a10629a1b3497332c5400.jpg\" alt=\"Raportohet se nd\u00ebrtimi i murit n\u00eb kufirin SHBA-Meksik\u00eb ka d\u00ebmtuar nj\u00eb vendbanim indigjen 1000-vje\u00e7ar\"\/><\/figure>\n<p>Gazeta &#8220;Washington Post&#8221; raportoi se muri i nd\u00ebrtuar n\u00eb kufirin SHBA-Meksik\u00eb p\u00ebr t\u00eb penguar kalimet e paligjshme t\u00eb emigrant\u00ebve ka d\u00ebmtuar nj\u00eb vendbanim indigjen q\u00eb besohet t\u00eb jet\u00eb t\u00eb pakt\u00ebn 1000-vje\u00e7ar, transmeton Anadolu.<\/p>\n<p>Sipas raportit t\u00eb &#8220;Washington Post&#8221;, i bazuar n\u00eb banor\u00eb t\u00eb zon\u00ebs, nj\u00eb vend arkeologjik i amerikan\u00ebve vendas n\u00eb shkret\u00ebtir\u00ebn e Arizon\u00ebs \u00ebsht\u00eb d\u00ebmtuar gjat\u00eb nd\u00ebrtimit t\u00eb murit kufitar.<\/p>\n<p>N\u00eb Arizona, ekipet q\u00eb nd\u00ebrtojn\u00eb murin kufitar shkat\u00ebrruan me makineri t\u00eb r\u00ebnda n\u00eb nj\u00eb zon\u00eb prej rreth 18-21 metrash nj\u00eb gdhendje mbi tok\u00eb, m\u00eb shum\u00eb se 60 metra t\u00eb gjat\u00eb, me nj\u00eb figur\u00eb n\u00eb form\u00eb peshku, e cila mendohet t\u00eb jet\u00eb t\u00eb pakt\u00ebn 1000-vje\u00e7are.<\/p>\n<p>Imazhet satelitore t\u00eb analizuara nga &#8220;Washington Post&#8221; gjithashtu konfirmuan shkat\u00ebrrimin n\u00eb zon\u00ebn n\u00eb fjal\u00eb.<\/p>\n<hr style=\"margin:30px 0\"\/>\n<p style=\"font-size:13px;color:#666\">Burimi: <strong>mesazhi<\/strong><\/p>\n","protected":false},"excerpt":{"rendered":"<p>Gazeta &#8220;Washington Post&#8221; raportoi se muri i nd\u00ebrtuar n\u00eb kufirin SHBA-Meksik\u00eb p\u00ebr t\u00eb penguar kalimet e paligjshme t\u00eb emigrant\u00ebve ka d\u00ebmtuar nj\u00eb vendbanim indigjen q\u00eb besohet t\u00eb jet\u00eb t\u00eb pakt\u00ebn 1000-vje\u00e7ar, transmeton Anadolu. Sipas raportit t\u00eb &#8220;Washington Post&#8221;, i bazuar n\u00eb banor\u00eb t\u00eb zon\u00ebs, nj\u00eb vend arkeologjik i amerikan\u00ebve vendas n\u00eb shkret\u00ebtir\u00ebn e Arizon\u00ebs \u00ebsht\u00eb [&hellip;]<\/p>\n","protected":false},"author":1,"featured_media":108445,"comment_status":"open","ping_status":"open","sticky":false,"template":"","format":"standard","meta":{"footnotes":""},"categories":[24],"tags":[3803],"class_list":["post-108446","post","type-post","status-publish","format-standard","has-post-thumbnail","hentry","category-bote","tag-aktuale"],"_links":{"self":[{"href":"https:\/\/prizrenpost.com\/al\/wp-json\/wp\/v2\/posts\/108446","targetHints":{"allow":["GET"]}}],"collection":[{"href":"https:\/\/prizrenpost.com\/al\/wp-json\/wp\/v2\/posts"}],"about":[{"href":"https:\/\/prizrenpost.com\/al\/wp-json\/wp\/v2\/types\/post"}],"author":[{"embeddable":true,"href":"https:\/\/prizrenpost.com\/al\/wp-json\/wp\/v2\/users\/1"}],"replies":[{"embeddable":true,"href":"https:\/\/prizrenpost.com\/al\/wp-json\/wp\/v2\/comments?post=108446"}],"version-history":[{"count":0,"href":"https:\/\/prizrenpost.com\/al\/wp-json\/wp\/v2\/posts\/108446\/revisions"}],"wp:featuredmedia":[{"embeddable":true,"href":"https:\/\/prizrenpost.com\/al\/wp-json\/wp\/v2\/media\/108445"}],"wp:attachment":[{"href":"https:\/\/prizrenpost.com\/al\/wp-json\/wp\/v2\/media?parent=108446"}],"wp:term":[{"taxonomy":"category","embeddable":true,"href":"https:\/\/prizrenpost.com\/al\/wp-json\/wp\/v2\/categories?post=108446"},{"taxonomy":"post_tag","embeddable":true,"href":"https:\/\/prizrenpost.com\/al\/wp-json\/wp\/v2\/tags?post=108446"}],"curies":[{"name":"wp","href":"https:\/\/api.w.org\/{rel}","templated":true}]}}