{"id":108452,"date":"2026-05-01T18:05:15","date_gmt":"2026-05-01T15:05:15","guid":{"rendered":"https:\/\/prizrenpost.com\/al\/trumpi-kercenon-italine-e-spanjen-me-terheqje-te-trupave-amerikane\/"},"modified":"2026-05-01T18:05:15","modified_gmt":"2026-05-01T15:05:15","slug":"trumpi-kercenon-italine-e-spanjen-me-terheqje-te-trupave-amerikane","status":"publish","type":"post","link":"https:\/\/prizrenpost.com\/al\/trumpi-kercenon-italine-e-spanjen-me-terheqje-te-trupave-amerikane\/","title":{"rendered":"Trumpi k\u00ebrc\u00ebnon Italin\u00eb e Spanj\u00ebn me t\u00ebrheqje t\u00eb trupave amerikane"},"content":{"rendered":"<figure class=\"post-featured-image\"><img decoding=\"async\" src=\"https:\/\/prizrenpost.com\/al\/wp-content\/uploads\/2026\/05\/35f5a9f3-73e0-4d4c-b9b2-b9a29f6744fd.jpg\" alt=\"Trumpi k\u00ebrc\u00ebnon Italin\u00eb e Spanj\u00ebn me t\u00ebrheqje t\u00eb trupave amerikane\"\/><\/figure>\n<p>Italia dhe Spanja i jan\u00eb bashkuar nj\u00eb liste q\u00eb po rritet t\u00eb shteteve t\u00eb cilat presidenti amerikan Donald Trump po i k\u00ebrc\u00ebnon me t\u00ebrheqje t\u00eb trupave t\u00eb SHBA-s\u00eb si pjes\u00eb e rishqyrtimit n\u00eb prezenc\u00ebs ushtarake amerikane n\u00eb Evrop\u00eb.<\/p>\n<p>Duke iu p\u00ebrgjigjur nj\u00eb gazetari, Trumpi ka th\u00ebn\u00eb se ai \u201cme gjas\u00eb\u201d do ta marr\u00eb n\u00eb konsiderat\u00eb nj\u00eb l\u00ebvizje t\u00eb till\u00eb, duke e lidhur me kritikat e dy shteteve ndaj fushat\u00ebs s\u00eb SHBA-s\u00eb n\u00eb Iran, raportoi Guardian.<\/p>\n<p>\u201cShiko, pse nuk duhet ta b\u00ebj? Italia nuk ka qen\u00eb ndihm\u00eb p\u00ebr ne dhe Spanja ka qen\u00eb e tmerrshme, absolutisht e tmerrshme\u201d, ka th\u00ebn\u00eb ai.<\/p>\n<p>T\u00eb dy shtetet kan\u00eb qen\u00eb shum\u00eb kritike p\u00ebr luft\u00ebn e Trumpit n\u00eb Lindjen e Mesme, me presidentin amerikan q\u00eb vazhdimisht ka thumbuar lider\u00ebt e tyre p\u00ebr refuzimin q\u00eb t\u2019i bashkoheshin luft\u00ebs.<\/p>\n<p>Kryeministrja e Italis\u00eb, Giorgia Meloni, pati refuzuar p\u00ebrdorimin e baz\u00ebs ajrore n\u00eb Sicili nga aeroplan\u00ebt ushtarak\u00eb amerikan\u00eb p\u00ebr luft\u00ebn n\u00eb Iran, derisa Trumpi pati th\u00ebn\u00eb se asaj \u201ci mungon guximi\u201d.<\/p>\n<p>Nd\u00ebrkoh\u00eb, Pedro Sanchez i Spanj\u00ebs ka qen\u00eb kritiku m\u00eb i z\u00ebsh\u00ebm evropian i luft\u00ebs q\u00eb nga fillimi, duke u p\u00ebrballur vazhdimisht me t\u00eb gjitha reagimet dhe k\u00ebrc\u00ebnimet Trumpit n\u00eb p\u00ebrgjigje, duke p\u00ebrfshir\u00eb at\u00eb p\u00ebr pezullim t\u00eb an\u00ebtar\u00ebsimit n\u00eb NATO.<\/p>\n<hr style=\"margin:30px 0\"\/>\n<p style=\"font-size:13px;color:#666\">Burimi: <strong>mesazhi<\/strong><\/p>\n","protected":false},"excerpt":{"rendered":"<p>Italia dhe Spanja i jan\u00eb bashkuar nj\u00eb liste q\u00eb po rritet t\u00eb shteteve t\u00eb cilat presidenti amerikan Donald Trump po i k\u00ebrc\u00ebnon me t\u00ebrheqje t\u00eb trupave t\u00eb SHBA-s\u00eb si pjes\u00eb e rishqyrtimit n\u00eb prezenc\u00ebs ushtarake amerikane n\u00eb Evrop\u00eb. Duke iu p\u00ebrgjigjur nj\u00eb gazetari, Trumpi ka th\u00ebn\u00eb se ai \u201cme gjas\u00eb\u201d do ta marr\u00eb n\u00eb konsiderat\u00eb [&hellip;]<\/p>\n","protected":false},"author":1,"featured_media":108451,"comment_status":"open","ping_status":"open","sticky":false,"template":"","format":"standard","meta":{"footnotes":""},"categories":[24],"tags":[3803],"class_list":["post-108452","post","type-post","status-publish","format-standard","has-post-thumbnail","hentry","category-bote","tag-aktuale"],"_links":{"self":[{"href":"https:\/\/prizrenpost.com\/al\/wp-json\/wp\/v2\/posts\/108452","targetHints":{"allow":["GET"]}}],"collection":[{"href":"https:\/\/prizrenpost.com\/al\/wp-json\/wp\/v2\/posts"}],"about":[{"href":"https:\/\/prizrenpost.com\/al\/wp-json\/wp\/v2\/types\/post"}],"author":[{"embeddable":true,"href":"https:\/\/prizrenpost.com\/al\/wp-json\/wp\/v2\/users\/1"}],"replies":[{"embeddable":true,"href":"https:\/\/prizrenpost.com\/al\/wp-json\/wp\/v2\/comments?post=108452"}],"version-history":[{"count":0,"href":"https:\/\/prizrenpost.com\/al\/wp-json\/wp\/v2\/posts\/108452\/revisions"}],"wp:featuredmedia":[{"embeddable":true,"href":"https:\/\/prizrenpost.com\/al\/wp-json\/wp\/v2\/media\/108451"}],"wp:attachment":[{"href":"https:\/\/prizrenpost.com\/al\/wp-json\/wp\/v2\/media?parent=108452"}],"wp:term":[{"taxonomy":"category","embeddable":true,"href":"https:\/\/prizrenpost.com\/al\/wp-json\/wp\/v2\/categories?post=108452"},{"taxonomy":"post_tag","embeddable":true,"href":"https:\/\/prizrenpost.com\/al\/wp-json\/wp\/v2\/tags?post=108452"}],"curies":[{"name":"wp","href":"https:\/\/api.w.org\/{rel}","templated":true}]}}