{"id":108454,"date":"2026-05-01T18:20:10","date_gmt":"2026-05-01T15:20:10","guid":{"rendered":"https:\/\/prizrenpost.com\/al\/kryediplomati-maqedonas-nga-zagrebi-evropa-duhet-te-beje-nje-hap-perpara-drejt-zgjerimit\/"},"modified":"2026-05-01T18:20:10","modified_gmt":"2026-05-01T15:20:10","slug":"kryediplomati-maqedonas-nga-zagrebi-evropa-duhet-te-beje-nje-hap-perpara-drejt-zgjerimit","status":"publish","type":"post","link":"https:\/\/prizrenpost.com\/al\/kryediplomati-maqedonas-nga-zagrebi-evropa-duhet-te-beje-nje-hap-perpara-drejt-zgjerimit\/","title":{"rendered":"Kryediplomati maqedonas nga Zagrebi: Evropa duhet t\u00eb b\u00ebj\u00eb nj\u00eb hap p\u00ebrpara drejt zgjerimit"},"content":{"rendered":"<figure class=\"post-featured-image\"><img decoding=\"async\" src=\"https:\/\/prizrenpost.com\/al\/wp-content\/uploads\/2026\/05\/thumbs_b_c_0e159a4a6eff9b329e2e4ae4d1e40c91.jpg\" alt=\"Kryediplomati maqedonas nga Zagrebi: Evropa duhet t\u00eb b\u00ebj\u00eb nj\u00eb hap p\u00ebrpara drejt zgjerimit\"\/><\/figure>\n<p>Ministri i Pun\u00ebve t\u00eb Jashtme dhe i Tregtis\u00eb s\u00eb Jashtme i Maqedonis\u00eb s\u00eb Veriut, Tim\u00e7o Mucunski, tha se n\u00eb kushte t\u00eb paq\u00ebndrueshm\u00ebris\u00eb gjeopolitike, \u00ebsht\u00eb koha q\u00eb Evropa jo vet\u00ebm t\u00eb zgjohet, por edhe t\u00eb b\u00ebj\u00eb nj\u00eb hap p\u00ebrpara n\u00eb drejtim t\u00eb zgjerimit t\u00eb Bashkimit Evropian(BE), transmeton Anadolu.<\/p>\n<p>N\u00eb kuad\u00ebr t\u00eb vizit\u00ebs s\u00eb pun\u00ebs n\u00eb Zagreb, Kroaci, Mucunski mori pjes\u00eb dhe u adresua n\u00eb forumin e organizuar nga Unioni Nd\u00ebrkomb\u00ebtar Demokratik (International Democracy Union \u2013 IDU).<\/p>\n<p>N\u00eb fjal\u00ebn e tij, ministri Mucunski theksoi se shteti po nd\u00ebrmerr hapa konkret\u00eb dhe po jep rezultate si n\u00eb planin e brendsh\u00ebm ashtu edhe n\u00eb at\u00eb nd\u00ebrkomb\u00ebtar.<\/p>\n<p>Ai gjithashtu theksoi se nuk e pranon narrativin e viktim\u00ebs, megjith\u00ebse, si\u00e7 tha, shteti vazhdimisht p\u00ebrballet me nj\u00eb proces bilateralizimi, duke shprehur pritshm\u00ebri se me formimin e qeveris\u00eb bullgare do t\u00eb krijohet nj\u00eb impuls i ri p\u00ebr p\u00ebrparim.<\/p>\n<p>Sa i p\u00ebrket integrimit evropian, ai theksoi se mb\u00ebshtetja nga disa vende an\u00ebtare \u00ebsht\u00eb e r\u00ebnd\u00ebsishme, por nevojitet nj\u00eb qasje e harmonizuar nga t\u00eb gjitha shtetet an\u00ebtare t\u00eb Bashkimit Evropian. Ai shtoi se pret q\u00eb kjo qasje t\u00eb jet\u00eb e p\u00ebrbashk\u00ebt dhe e koordinuar, duke p\u00ebrmendur Kroacin\u00eb si mb\u00ebshtet\u00ebse parimore t\u00eb procesit.<\/p>\n<p>Duke u ndalur te sfidat gjeopolitike, ministri Mucunski theksoi se n\u00eb kushte t\u00eb paq\u00ebndrueshm\u00ebris\u00eb gjeopolitike, \u00ebsht\u00eb koha q\u00eb Evropa jo vet\u00ebm t\u00eb zgjohet, por edhe t\u00eb b\u00ebj\u00eb nj\u00eb hap p\u00ebrpara drejt zgjerimit t\u00eb Bashkimit Evropian. Gjithashtu ai n\u00ebnvizoi se duhet folur m\u00eb pak p\u00ebr historin\u00eb dhe m\u00eb shum\u00eb p\u00ebr t\u00eb ardhmen.<\/p>\n<hr style=\"margin:30px 0\"\/>\n<p style=\"font-size:13px;color:#666\">Burimi: <strong>mesazhi<\/strong><\/p>\n","protected":false},"excerpt":{"rendered":"<p>Ministri i Pun\u00ebve t\u00eb Jashtme dhe i Tregtis\u00eb s\u00eb Jashtme i Maqedonis\u00eb s\u00eb Veriut, Tim\u00e7o Mucunski, tha se n\u00eb kushte t\u00eb paq\u00ebndrueshm\u00ebris\u00eb gjeopolitike, \u00ebsht\u00eb koha q\u00eb Evropa jo vet\u00ebm t\u00eb zgjohet, por edhe t\u00eb b\u00ebj\u00eb nj\u00eb hap p\u00ebrpara n\u00eb drejtim t\u00eb zgjerimit t\u00eb Bashkimit Evropian(BE), transmeton Anadolu. N\u00eb kuad\u00ebr t\u00eb vizit\u00ebs s\u00eb pun\u00ebs n\u00eb Zagreb, [&hellip;]<\/p>\n","protected":false},"author":1,"featured_media":108453,"comment_status":"open","ping_status":"open","sticky":false,"template":"","format":"standard","meta":{"footnotes":""},"categories":[24],"tags":[3803],"class_list":["post-108454","post","type-post","status-publish","format-standard","has-post-thumbnail","hentry","category-bote","tag-aktuale"],"_links":{"self":[{"href":"https:\/\/prizrenpost.com\/al\/wp-json\/wp\/v2\/posts\/108454","targetHints":{"allow":["GET"]}}],"collection":[{"href":"https:\/\/prizrenpost.com\/al\/wp-json\/wp\/v2\/posts"}],"about":[{"href":"https:\/\/prizrenpost.com\/al\/wp-json\/wp\/v2\/types\/post"}],"author":[{"embeddable":true,"href":"https:\/\/prizrenpost.com\/al\/wp-json\/wp\/v2\/users\/1"}],"replies":[{"embeddable":true,"href":"https:\/\/prizrenpost.com\/al\/wp-json\/wp\/v2\/comments?post=108454"}],"version-history":[{"count":0,"href":"https:\/\/prizrenpost.com\/al\/wp-json\/wp\/v2\/posts\/108454\/revisions"}],"wp:featuredmedia":[{"embeddable":true,"href":"https:\/\/prizrenpost.com\/al\/wp-json\/wp\/v2\/media\/108453"}],"wp:attachment":[{"href":"https:\/\/prizrenpost.com\/al\/wp-json\/wp\/v2\/media?parent=108454"}],"wp:term":[{"taxonomy":"category","embeddable":true,"href":"https:\/\/prizrenpost.com\/al\/wp-json\/wp\/v2\/categories?post=108454"},{"taxonomy":"post_tag","embeddable":true,"href":"https:\/\/prizrenpost.com\/al\/wp-json\/wp\/v2\/tags?post=108454"}],"curies":[{"name":"wp","href":"https:\/\/api.w.org\/{rel}","templated":true}]}}