{"id":108456,"date":"2026-05-01T18:50:12","date_gmt":"2026-05-01T15:50:12","guid":{"rendered":"https:\/\/prizrenpost.com\/al\/trump-kritikon-cnn-dhe-new-york-times-per-mbulimin-e-luftes-me-iranin\/"},"modified":"2026-05-01T18:50:12","modified_gmt":"2026-05-01T15:50:12","slug":"trump-kritikon-cnn-dhe-new-york-times-per-mbulimin-e-luftes-me-iranin","status":"publish","type":"post","link":"https:\/\/prizrenpost.com\/al\/trump-kritikon-cnn-dhe-new-york-times-per-mbulimin-e-luftes-me-iranin\/","title":{"rendered":"Trump kritikon CNN dhe New York Times p\u00ebr mbulimin e luft\u00ebs me Iranin"},"content":{"rendered":"<figure class=\"post-featured-image\"><img decoding=\"async\" src=\"https:\/\/prizrenpost.com\/al\/wp-content\/uploads\/2026\/05\/thumbs_b_c_b8b5832e4c578ef437df3cf1e39c2338-1.jpg\" alt=\"Trump kritikon CNN dhe New York Times p\u00ebr mbulimin e luft\u00ebs me Iranin\"\/><\/figure>\n<p>Presidenti i SHBA-s\u00eb, Donald Trump, t\u00eb enjten kritikoi ashp\u00ebr The New York Times dhe CNN p\u00ebr mbulimin e tyre t\u00eb luft\u00ebs SHBA-Izrael kund\u00ebr Iranit, duke e p\u00ebrshkruar CNN si &#8220;budalla&#8221; dhe duke pretenduar se raportimi i gazet\u00ebs ishte &#8220;rebelues&#8221;, transmeton Anadolu.<\/p>\n<p>Trump tha se ia kishte &#8220;prer\u00eb kok\u00ebn ushtarakisht&#8221; Iranit, duke folur me gazetar\u00ebt n\u00eb nj\u00eb aktivitet n\u00eb Zyr\u00ebn Ovale ku n\u00ebnshkroi nj\u00eb urdh\u00ebr ekzekutiv q\u00eb synonte zgjerimin e aksesit t\u00eb pun\u00ebtor\u00ebve n\u00eb kursimet e pensionit, nd\u00ebrsa kritikoi gjithashtu p\u00ebrpjekjet e Demokrat\u00ebve p\u00ebr t\u00eb kufizuar fuqit\u00eb e tij t\u00eb luft\u00ebs.<\/p>\n<p>&#8220;Dhe \u00e7do dit\u00eb, lexoj se sa mir\u00eb po ia dalin ushtarakisht. Nuk u ka mbetur asgj\u00eb, kan\u00eb mbaruar. E megjithat\u00eb lexoj n\u00eb The New York Times, shoh n\u00eb CNN-in budalla &#8211; t\u00eb cilin e shikoj vet\u00ebm sepse duhet t\u00eb shikosh pak nga armiku&#8221;, tha ai.<\/p>\n<p>Trump tha gjithashtu se mbulimi nga t\u00eb dy mediat n\u00ebnkuptonte se Irani po &#8220;fiton luft\u00ebn&#8221;, duke kritikuar raportimin e tyre mbi luft\u00ebn.<\/p>\n<p>&#8220;N\u00ebse lexoni The New York Times &#8211; \u00ebsht\u00eb n\u00eb t\u00eb v\u00ebrtet\u00eb rebeluese, sipas mendimit tim,&#8221; tha ai duke shtuar \u201cLexoni disa nga k\u00ebta kolumnist\u00eb, por gjith\u00e7ka fillon nga lart. \u00cbsht\u00eb nj\u00eb gj\u00eb e tmerrshme\u201d.<\/p>\n<p>Trump tha se nuk \u201ci intereson dhe t\u00eb gjith\u00eb i din\u00eb faktet. Po e shkat\u00ebrrojm\u00eb vendin\u201d.<\/p>\n<p>M\u00eb par\u00eb, bordi editorial i New York Times sugjeroi q\u00eb ushtria amerikane po \u201chumbet avantazhin e saj\u201d n\u00eb luft\u00ebn e Iranit, duke argumentuar se fitimet taktike nuk jan\u00eb p\u00ebrkthyer n\u00eb fitore t\u00eb p\u00ebrgjithshme dhe mund ta dob\u00ebsojn\u00eb pozicionin e Washingtonit.<\/p>\n<hr style=\"margin:30px 0\"\/>\n<p style=\"font-size:13px;color:#666\">Burimi: <strong>mesazhi<\/strong><\/p>\n","protected":false},"excerpt":{"rendered":"<p>Presidenti i SHBA-s\u00eb, Donald Trump, t\u00eb enjten kritikoi ashp\u00ebr The New York Times dhe CNN p\u00ebr mbulimin e tyre t\u00eb luft\u00ebs SHBA-Izrael kund\u00ebr Iranit, duke e p\u00ebrshkruar CNN si &#8220;budalla&#8221; dhe duke pretenduar se raportimi i gazet\u00ebs ishte &#8220;rebelues&#8221;, transmeton Anadolu. Trump tha se ia kishte &#8220;prer\u00eb kok\u00ebn ushtarakisht&#8221; Iranit, duke folur me gazetar\u00ebt n\u00eb [&hellip;]<\/p>\n","protected":false},"author":1,"featured_media":108455,"comment_status":"open","ping_status":"open","sticky":false,"template":"","format":"standard","meta":{"footnotes":""},"categories":[24],"tags":[3803],"class_list":["post-108456","post","type-post","status-publish","format-standard","has-post-thumbnail","hentry","category-bote","tag-aktuale"],"_links":{"self":[{"href":"https:\/\/prizrenpost.com\/al\/wp-json\/wp\/v2\/posts\/108456","targetHints":{"allow":["GET"]}}],"collection":[{"href":"https:\/\/prizrenpost.com\/al\/wp-json\/wp\/v2\/posts"}],"about":[{"href":"https:\/\/prizrenpost.com\/al\/wp-json\/wp\/v2\/types\/post"}],"author":[{"embeddable":true,"href":"https:\/\/prizrenpost.com\/al\/wp-json\/wp\/v2\/users\/1"}],"replies":[{"embeddable":true,"href":"https:\/\/prizrenpost.com\/al\/wp-json\/wp\/v2\/comments?post=108456"}],"version-history":[{"count":0,"href":"https:\/\/prizrenpost.com\/al\/wp-json\/wp\/v2\/posts\/108456\/revisions"}],"wp:featuredmedia":[{"embeddable":true,"href":"https:\/\/prizrenpost.com\/al\/wp-json\/wp\/v2\/media\/108455"}],"wp:attachment":[{"href":"https:\/\/prizrenpost.com\/al\/wp-json\/wp\/v2\/media?parent=108456"}],"wp:term":[{"taxonomy":"category","embeddable":true,"href":"https:\/\/prizrenpost.com\/al\/wp-json\/wp\/v2\/categories?post=108456"},{"taxonomy":"post_tag","embeddable":true,"href":"https:\/\/prizrenpost.com\/al\/wp-json\/wp\/v2\/tags?post=108456"}],"curies":[{"name":"wp","href":"https:\/\/api.w.org\/{rel}","templated":true}]}}