{"id":108472,"date":"2026-05-01T22:00:17","date_gmt":"2026-05-01T19:00:17","guid":{"rendered":"https:\/\/prizrenpost.com\/al\/kur-dy-burra-me-peshe-gjeopolitike-zemerohen-me-njeri-tjetrin\/"},"modified":"2026-05-01T22:00:17","modified_gmt":"2026-05-01T19:00:17","slug":"kur-dy-burra-me-peshe-gjeopolitike-zemerohen-me-njeri-tjetrin","status":"publish","type":"post","link":"https:\/\/prizrenpost.com\/al\/kur-dy-burra-me-peshe-gjeopolitike-zemerohen-me-njeri-tjetrin\/","title":{"rendered":"Kur dy burra me pesh\u00eb gjeopolitike zem\u00ebrohen me nj\u00ebri-tjetrin\u2026"},"content":{"rendered":"<figure class=\"post-featured-image\"><img decoding=\"async\" src=\"https:\/\/prizrenpost.com\/al\/wp-content\/uploads\/2026\/05\/Friedrich-Merz-me-presidentin-amerikan-Donald-Trump.jpg\" alt=\"Kur dy burra me pesh\u00eb gjeopolitike zem\u00ebrohen me nj\u00ebri-tjetrin\u2026\"\/><\/figure>\n<p><em>Politico: Marr\u00ebdh\u00ebniet SHBA-Gjermani n\u00eb pik\u00ebn e thyerjes, sa larg mund t\u00eb shkoj\u00eb p\u00ebr\u00e7arja Trump-Mertz<br \/>\n<\/em><br \/>\nMarr\u00ebdh\u00ebnia e kancelarit gjerman Friedrich Merz me presidentin amerikan Donald Trump duket se \u00ebsht\u00eb n\u00eb nj\u00eb pik\u00eb krize pasi deklaratat e t\u00eb parit mbi luft\u00ebn n\u00eb Iran provokuan nj\u00eb reagim t\u00eb fort\u00eb nga Uashingtoni dhe ringjall\u00ebn skenar\u00ebt e t\u00ebrheqjes s\u00eb forcave amerikane nga Gjermania.<\/p>\n<p>Kancelari gjerman kaloi muaj duke ecur n\u00eb nj\u00eb litar t\u00eb tendosur me Donald Trump. Tani, ai duket se po humbet ekuilibrin, p\u00ebrshkruan Politico kriz\u00ebn n\u00eb marr\u00ebdh\u00ebnien midis dy udh\u00ebheq\u00ebsve.<\/p>\n<p>Sipas raportit, Merz kishte zgjedhur t\u00eb b\u00ebnte m\u00eb shum\u00eb l\u00ebshime sesa udh\u00ebheq\u00ebsit e tjer\u00eb evropian\u00eb, duke e konsideruar thelb\u00ebsore ruajtjen e marr\u00ebdh\u00ebnieve t\u00eb mira me Uashingtonin. N\u00eb t\u00eb nj\u00ebjt\u00ebn koh\u00eb, megjithat\u00eb, presioni politik n\u00eb rritje n\u00eb vend e b\u00ebri at\u00eb t\u00eb b\u00ebhej m\u00eb kritik ndaj presidentit amerikan, i cili \u00ebsht\u00eb ve\u00e7an\u00ebrisht jopopullor n\u00eb opinionin publik gjerman.<\/p>\n<p>Tensioni arriti kulmin pasi Merz mbajti nj\u00eb fjalim n\u00eb nj\u00eb shkoll\u00eb, ku ai pretendoi se Shtetet e Bashkuara po \u201cposht\u00ebroheshin\u201d nga regjimi iranian. Deklarata shkaktoi nj\u00eb p\u00ebrgjigje t\u00eb menj\u00ebhershme nga Trump, i cili, p\u00ebrmes platform\u00ebs Truth Social, sulmoi kancelarin dhe la t\u00eb hapur mund\u00ebsin\u00eb e t\u00ebrheqjes s\u00eb trupave amerikane nga Gjermania, nj\u00eb skenar q\u00eb \u00ebsht\u00eb nj\u00eb makth strategjik p\u00ebr Berlinin.<\/p>\n<p>Merz u p\u00ebrpoq ta minimizonte p\u00ebrballjen, duke siguruar nga nj\u00eb poligon st\u00ebrvitjeje ushtarake gjermane se bashk\u00ebpunimi me Shtetet e Bashkuara dhe aleat\u00ebt e saj n\u00eb NATO mbeti i fort\u00eb. \u201cNe punojm\u00eb s\u00eb bashku me Shtetet e Bashkuara dhe aleat\u00ebt tan\u00eb n\u00eb vende strategjikisht kritike\u201d, tha ai, duke shtuar se forcimi i forcave t\u00eb armatosura gjermane \u00ebsht\u00eb \u201cp\u00ebr p\u00ebrfitim t\u00eb nd\u00ebrsjellt\u00eb dhe p\u00ebr t\u00eb thelluar lidhjen transatlantike\u201d.<\/p>\n<p>Ai duket se ka rrezikuar me mund\u00ebsin\u00eb e nj\u00eb uljeje t\u00eb tensioneve, duke vler\u00ebsuar se Trump nuk do t\u2019i zbatoj\u00eb p\u00ebrfundimisht k\u00ebrc\u00ebnimet e tij, si\u00e7 ka ndodhur n\u00eb t\u00eb kaluar\u00ebn me vende t\u00eb tjera, si Mbret\u00ebria e Bashkuar dhe Spanja.<\/p>\n<p>Megjithat\u00eb, presidenti amerikan vazhdoi sulmet, duke akuzuar Merz-in se duhej t\u00eb p\u00ebrqendrohej n\u00eb luft\u00ebn Rusi-Ukrain\u00eb dhe problemet e brendshme t\u00eb Gjermanis\u00eb, si\u00e7 jan\u00eb imigracioni dhe energjia, n\u00eb vend q\u00eb t\u00eb nd\u00ebrhynte n\u00eb \u00e7\u00ebshtjet q\u00eb lidhen me adresimin e k\u00ebrc\u00ebnimit b\u00ebrthamor iranian.<\/p>\n<p>Ky tension sh\u00ebnon nj\u00eb ndryshim t\u00eb r\u00ebnd\u00ebsish\u00ebm n\u00eb klim\u00ebn midis dy udh\u00ebheq\u00ebsve, pasi Trump m\u00eb par\u00eb kishte folur pozitivisht p\u00ebr qeverin\u00eb Merz, nd\u00ebrsa n\u00eb nj\u00eb takim n\u00eb Sht\u00ebpin\u00eb e Bardh\u00eb e kishte p\u00ebrshkruar at\u00eb si nj\u00eb \u201cmik\u201d q\u00eb po b\u00ebnte nj\u00eb \u201cpun\u00eb shum\u00eb t\u00eb mir\u00eb\u201d.<\/p>\n<p>Strategjia e Kancelarit gjerman bazohej n\u00eb shmangien e p\u00ebrballjes publike me q\u00ebllim ruajtjen e kanaleve t\u00eb hapura t\u00eb komunikimit dhe ndikimin n\u00eb vendimet amerikane prapa skenave.<\/p>\n<p>Sipas Politico-s, kjo qasje pasqyron strategjin\u00eb e p\u00ebrgjithshme t\u00eb Gjermanis\u00eb ndaj SHBA-s\u00eb, n\u00eb nj\u00eb koh\u00eb kur marr\u00ebdh\u00ebniet transatlantike po vihen n\u00eb prov\u00eb. Pavar\u00ebsisht p\u00ebrpjekjeve p\u00ebr t\u00eb zvog\u00ebluar var\u00ebsin\u00eb nga Uashingtoni n\u00eb nivel ushtarak dhe ekonomik, Berlini ende e konsideron mb\u00ebshtetjen amerikane thelb\u00ebsore, ve\u00e7an\u00ebrisht n\u00eb fush\u00ebn e parandalimit b\u00ebrthamor dhe ndarjes s\u00eb informacionit.<\/p>\n<p>Pavar\u00ebsisht tensioneve, zyrtar\u00ebt gjerman\u00eb duket se jan\u00eb qet\u00ebsues me kujdes, duke theksuar se prania e forcave amerikane n\u00eb vend i sh\u00ebrben edhe interesave strategjike t\u00eb SHBA-s\u00eb. Deputeti i Partis\u00eb Social Demokrate, Christoph Schmidt, tha se nj\u00eb t\u00ebrheqje e menj\u00ebhershme \u201cnuk \u00ebsht\u00eb e realizueshme\u201d dhe do t\u00eb dob\u00ebsonte aft\u00ebsit\u00eb operacionale t\u00eb ushtris\u00eb amerikane n\u00eb nivel nd\u00ebrkomb\u00ebtar.<\/p>\n<p>Kujtohet se gjat\u00eb mandatit t\u00eb tij t\u00eb par\u00eb, Trump njoftoi nj\u00eb plan p\u00ebr t\u00ebrheqjen e af\u00ebrsisht 9,500 ushtar\u00ebve amerikan\u00eb nga Gjermania, i cili, megjithat\u00eb, nuk u zbatua, pasi mandati i tij presidencial p\u00ebrfundoi para zbatimit t\u00eb tij dhe administrata e Joe Biden e pezulloi iniciativ\u00ebn.<\/p>\n<p>Sot, me m\u00eb shum\u00eb koh\u00eb n\u00eb dispozicion, Trump mund ta rivendos\u00eb teorikisht planin, megjith\u00ebse p\u00ebr Merz-in rreziku m\u00eb i madh mund t\u00eb jet\u00eb humbja e ndikimit n\u00eb Sht\u00ebpin\u00eb e Bardh\u00eb, ve\u00e7an\u00ebrisht n\u00eb lidhje me mb\u00ebshtetjen p\u00ebr Ukrain\u00ebn. \/tesheshi<\/p>\n<hr style=\"margin:30px 0\"\/>\n<p style=\"font-size:13px;color:#666\">Burimi: <strong>mesazhi<\/strong><\/p>\n","protected":false},"excerpt":{"rendered":"<p>Politico: Marr\u00ebdh\u00ebniet SHBA-Gjermani n\u00eb pik\u00ebn e thyerjes, sa larg mund t\u00eb shkoj\u00eb p\u00ebr\u00e7arja Trump-Mertz Marr\u00ebdh\u00ebnia e kancelarit gjerman Friedrich Merz me presidentin amerikan Donald Trump duket se \u00ebsht\u00eb n\u00eb nj\u00eb pik\u00eb krize pasi deklaratat e t\u00eb parit mbi luft\u00ebn n\u00eb Iran provokuan nj\u00eb reagim t\u00eb fort\u00eb nga Uashingtoni dhe ringjall\u00ebn skenar\u00ebt e t\u00ebrheqjes s\u00eb forcave [&hellip;]<\/p>\n","protected":false},"author":1,"featured_media":108471,"comment_status":"open","ping_status":"open","sticky":false,"template":"","format":"standard","meta":{"footnotes":""},"categories":[24],"tags":[3803],"class_list":["post-108472","post","type-post","status-publish","format-standard","has-post-thumbnail","hentry","category-bote","tag-aktuale"],"_links":{"self":[{"href":"https:\/\/prizrenpost.com\/al\/wp-json\/wp\/v2\/posts\/108472","targetHints":{"allow":["GET"]}}],"collection":[{"href":"https:\/\/prizrenpost.com\/al\/wp-json\/wp\/v2\/posts"}],"about":[{"href":"https:\/\/prizrenpost.com\/al\/wp-json\/wp\/v2\/types\/post"}],"author":[{"embeddable":true,"href":"https:\/\/prizrenpost.com\/al\/wp-json\/wp\/v2\/users\/1"}],"replies":[{"embeddable":true,"href":"https:\/\/prizrenpost.com\/al\/wp-json\/wp\/v2\/comments?post=108472"}],"version-history":[{"count":0,"href":"https:\/\/prizrenpost.com\/al\/wp-json\/wp\/v2\/posts\/108472\/revisions"}],"wp:featuredmedia":[{"embeddable":true,"href":"https:\/\/prizrenpost.com\/al\/wp-json\/wp\/v2\/media\/108471"}],"wp:attachment":[{"href":"https:\/\/prizrenpost.com\/al\/wp-json\/wp\/v2\/media?parent=108472"}],"wp:term":[{"taxonomy":"category","embeddable":true,"href":"https:\/\/prizrenpost.com\/al\/wp-json\/wp\/v2\/categories?post=108472"},{"taxonomy":"post_tag","embeddable":true,"href":"https:\/\/prizrenpost.com\/al\/wp-json\/wp\/v2\/tags?post=108472"}],"curies":[{"name":"wp","href":"https:\/\/api.w.org\/{rel}","templated":true}]}}