{"id":108487,"date":"2026-05-01T22:35:07","date_gmt":"2026-05-01T19:35:07","guid":{"rendered":"https:\/\/prizrenpost.com\/al\/gjendet-nje-femer-e-vdekur-ne-fshatin-pirane\/"},"modified":"2026-05-01T22:35:07","modified_gmt":"2026-05-01T19:35:07","slug":"gjendet-nje-femer-e-vdekur-ne-fshatin-pirane","status":"publish","type":"post","link":"https:\/\/prizrenpost.com\/al\/gjendet-nje-femer-e-vdekur-ne-fshatin-pirane\/","title":{"rendered":"Gjendet nj\u00eb fem\u00ebr e vdekur n\u00eb fshatin Piran\u00eb"},"content":{"rendered":"<figure class=\"post-featured-image\"><img decoding=\"async\" src=\"https:\/\/prizrenpost.com\/al\/wp-content\/uploads\/2026\/05\/krim-shirit-1.png\" alt=\"Gjendet nj\u00eb fem\u00ebr e vdekur n\u00eb fshatin Piran\u00eb\"\/><\/figure>\n<p>Sot u gjet nj\u00eb fem\u00ebr e vdekur n\u00eb fshatin Piran\u00eb.<\/p>\n<p>Referuar informacioneve, rreth or\u00ebs 12:00, Policia u njoftua se n\u00eb fshatin Piran t\u00eb Prizrenit, nj\u00eb fem\u00ebr, rreth 43 vje\u00e7, \u00ebsht\u00eb gjetur pa shenja jete, raporton Gazeta e Prizrenit.<\/p>\n<p>Nj\u00ebsit\u00eb policore dhe ekipi emergjent kan\u00eb dal\u00eb menj\u00ebher\u00eb n\u00eb vendin e ngjarjes, ku nga mjeku kujdestar \u00ebsht\u00eb konstatuar vdekja e viktim\u00ebs. Lidhur me rastin \u00ebsht\u00eb njoftuar edhe Prokurori i Shtetit, i cili ka dal\u00eb n\u00eb vendngjarje.<\/p>\n<p>Rastin e konfimoi p\u00ebr Gazet\u00ebn e Prizrenit z\u00ebdh\u00ebn\u00ebsi i Policis\u00eb, Shaqir Bytyqi.<\/p>\n<p>\u201cHetuesit e Sektorit Rajonal t\u00eb Hetimeve kan\u00eb kryer ekzaminimin e vendit t\u00eb ngjarjes dhe kan\u00eb mbledhur provat nd\u00ebrlidh\u00ebse. Pran\u00eb trupit t\u00eb viktim\u00ebs \u00ebsht\u00eb gjetur nj\u00eb arm\u00eb zjarri (pistolet\u00eb), e cila me urdh\u00ebr t\u00eb prokurorit \u00ebsht\u00eb sekuestruar\u201d, tha ai.<\/p>\n<p>Me vendim t\u00eb prokurorit, trupi i pajet\u00eb \u00ebsht\u00eb d\u00ebrguar n\u00eb Institutin e Mjek\u00ebsis\u00eb Ligjore (IML) n\u00eb Prishtin\u00eb p\u00ebr obduksion.<\/p>\n<p>Policia ka iniciuar rastin si \u201cHetim i vdekjes\u201d dhe \u00ebsht\u00eb duke punuar p\u00ebr zbardhjen e plot\u00eb t\u00eb rrethanave t\u00eb k\u00ebtij rasti. \/ Gazeta e Prizrenit\u00a0<\/p>\n<hr style=\"margin:30px 0\"\/>\n<p style=\"font-size:13px;color:#666\">Burimi: <strong>gazetaeprizrenit<\/strong><\/p>\n","protected":false},"excerpt":{"rendered":"<p>Sot u gjet nj\u00eb fem\u00ebr e vdekur n\u00eb fshatin Piran\u00eb. Referuar informacioneve, rreth or\u00ebs 12:00, Policia u njoftua se n\u00eb fshatin Piran t\u00eb Prizrenit, nj\u00eb fem\u00ebr, rreth 43 vje\u00e7, \u00ebsht\u00eb gjetur pa shenja jete, raporton Gazeta e Prizrenit. Nj\u00ebsit\u00eb policore dhe ekipi emergjent kan\u00eb dal\u00eb menj\u00ebher\u00eb n\u00eb vendin e ngjarjes, ku nga mjeku kujdestar \u00ebsht\u00eb [&hellip;]<\/p>\n","protected":false},"author":1,"featured_media":108486,"comment_status":"open","ping_status":"open","sticky":false,"template":"","format":"standard","meta":{"footnotes":""},"categories":[22],"tags":[],"class_list":["post-108487","post","type-post","status-publish","format-standard","has-post-thumbnail","hentry","category-prizren"],"_links":{"self":[{"href":"https:\/\/prizrenpost.com\/al\/wp-json\/wp\/v2\/posts\/108487","targetHints":{"allow":["GET"]}}],"collection":[{"href":"https:\/\/prizrenpost.com\/al\/wp-json\/wp\/v2\/posts"}],"about":[{"href":"https:\/\/prizrenpost.com\/al\/wp-json\/wp\/v2\/types\/post"}],"author":[{"embeddable":true,"href":"https:\/\/prizrenpost.com\/al\/wp-json\/wp\/v2\/users\/1"}],"replies":[{"embeddable":true,"href":"https:\/\/prizrenpost.com\/al\/wp-json\/wp\/v2\/comments?post=108487"}],"version-history":[{"count":0,"href":"https:\/\/prizrenpost.com\/al\/wp-json\/wp\/v2\/posts\/108487\/revisions"}],"wp:featuredmedia":[{"embeddable":true,"href":"https:\/\/prizrenpost.com\/al\/wp-json\/wp\/v2\/media\/108486"}],"wp:attachment":[{"href":"https:\/\/prizrenpost.com\/al\/wp-json\/wp\/v2\/media?parent=108487"}],"wp:term":[{"taxonomy":"category","embeddable":true,"href":"https:\/\/prizrenpost.com\/al\/wp-json\/wp\/v2\/categories?post=108487"},{"taxonomy":"post_tag","embeddable":true,"href":"https:\/\/prizrenpost.com\/al\/wp-json\/wp\/v2\/tags?post=108487"}],"curies":[{"name":"wp","href":"https:\/\/api.w.org\/{rel}","templated":true}]}}