{"id":108493,"date":"2026-05-02T00:30:07","date_gmt":"2026-05-01T21:30:07","guid":{"rendered":"https:\/\/prizrenpost.com\/al\/rezoluta-e-kongresisteve-per-kosoven-ne-nato-kurti-mirenjohes-per-mbeshtetjen-e-palekundshme-te-shba-se\/"},"modified":"2026-05-02T00:30:07","modified_gmt":"2026-05-01T21:30:07","slug":"rezoluta-e-kongresisteve-per-kosoven-ne-nato-kurti-mirenjohes-per-mbeshtetjen-e-palekundshme-te-shba-se","status":"publish","type":"post","link":"https:\/\/prizrenpost.com\/al\/rezoluta-e-kongresisteve-per-kosoven-ne-nato-kurti-mirenjohes-per-mbeshtetjen-e-palekundshme-te-shba-se\/","title":{"rendered":"Rezoluta e kongresist\u00ebve p\u00ebr Kosov\u00ebn n\u00eb NATO, Kurti: Mir\u00ebnjoh\u00ebs p\u00ebr mb\u00ebshtetjen e pal\u00ebkundshme t\u00eb ShBA-s\u00eb"},"content":{"rendered":"<figure class=\"post-featured-image\"><img decoding=\"async\" src=\"https:\/\/prizrenpost.com\/al\/wp-content\/uploads\/2026\/05\/Kryeministri-ne-detyre-i-Kosoves-Albin-Kurti.jpg\" alt=\"Rezoluta e kongresist\u00ebve p\u00ebr Kosov\u00ebn n\u00eb NATO, Kurti: Mir\u00ebnjoh\u00ebs p\u00ebr mb\u00ebshtetjen e pal\u00ebkundshme t\u00eb ShBA-s\u00eb\"\/><\/figure>\n<p>Kryeministri n\u00eb detyr\u00eb i Kosov\u00ebs, Albin Kurti, ka reaguar lidhur me rezolut\u00ebn e paraqitur nga kongresist\u00eb amerikan\u00eb q\u00eb mb\u00ebshtet an\u00ebtar\u00ebsimin e Kosov\u00ebs n\u00eb NATO.<\/p>\n<p>Kurti \u00ebsht\u00eb shprehur mir\u00ebnjoh\u00ebs p\u00ebr mb\u00ebshtetjen e pal\u00ebkundshme t\u00eb ShBA-ve ndaj Kosov\u00ebs dhe gjith\u00eb rajonit.<\/p>\n<div class=\"jeg_ad jeg_ad_article jnews_content_inline_ads \">\n<div class=\"ads-wrapper align-center \">\u2018\u2019Jemi mir\u00ebnjoh\u00ebs p\u00ebr mb\u00ebshtetjen e vazhdueshme dhe t\u00eb pal\u00ebkundur t\u00eb SHBA-s\u00eb p\u00ebr prosperitetin ton\u00eb, sigurin\u00eb e vendit ton\u00eb dhe t\u00eb gjith\u00eb rajonit\u2019\u2019, ka th\u00ebn\u00eb Kurti n\u00eb nj\u00eb postim n\u00eb X.<\/div>\n<\/div>\n<hr style=\"margin:30px 0\"\/>\n<p style=\"font-size:13px;color:#666\">Burimi: <strong>mesazhi<\/strong><\/p>\n","protected":false},"excerpt":{"rendered":"<p>Kryeministri n\u00eb detyr\u00eb i Kosov\u00ebs, Albin Kurti, ka reaguar lidhur me rezolut\u00ebn e paraqitur nga kongresist\u00eb amerikan\u00eb q\u00eb mb\u00ebshtet an\u00ebtar\u00ebsimin e Kosov\u00ebs n\u00eb NATO. Kurti \u00ebsht\u00eb shprehur mir\u00ebnjoh\u00ebs p\u00ebr mb\u00ebshtetjen e pal\u00ebkundshme t\u00eb ShBA-ve ndaj Kosov\u00ebs dhe gjith\u00eb rajonit. \u2018\u2019Jemi mir\u00ebnjoh\u00ebs p\u00ebr mb\u00ebshtetjen e vazhdueshme dhe t\u00eb pal\u00ebkundur t\u00eb SHBA-s\u00eb p\u00ebr prosperitetin ton\u00eb, sigurin\u00eb e [&hellip;]<\/p>\n","protected":false},"author":1,"featured_media":108492,"comment_status":"open","ping_status":"open","sticky":false,"template":"","format":"standard","meta":{"footnotes":""},"categories":[14],"tags":[3803],"class_list":["post-108493","post","type-post","status-publish","format-standard","has-post-thumbnail","hentry","category-kombetare","tag-aktuale"],"_links":{"self":[{"href":"https:\/\/prizrenpost.com\/al\/wp-json\/wp\/v2\/posts\/108493","targetHints":{"allow":["GET"]}}],"collection":[{"href":"https:\/\/prizrenpost.com\/al\/wp-json\/wp\/v2\/posts"}],"about":[{"href":"https:\/\/prizrenpost.com\/al\/wp-json\/wp\/v2\/types\/post"}],"author":[{"embeddable":true,"href":"https:\/\/prizrenpost.com\/al\/wp-json\/wp\/v2\/users\/1"}],"replies":[{"embeddable":true,"href":"https:\/\/prizrenpost.com\/al\/wp-json\/wp\/v2\/comments?post=108493"}],"version-history":[{"count":0,"href":"https:\/\/prizrenpost.com\/al\/wp-json\/wp\/v2\/posts\/108493\/revisions"}],"wp:featuredmedia":[{"embeddable":true,"href":"https:\/\/prizrenpost.com\/al\/wp-json\/wp\/v2\/media\/108492"}],"wp:attachment":[{"href":"https:\/\/prizrenpost.com\/al\/wp-json\/wp\/v2\/media?parent=108493"}],"wp:term":[{"taxonomy":"category","embeddable":true,"href":"https:\/\/prizrenpost.com\/al\/wp-json\/wp\/v2\/categories?post=108493"},{"taxonomy":"post_tag","embeddable":true,"href":"https:\/\/prizrenpost.com\/al\/wp-json\/wp\/v2\/tags?post=108493"}],"curies":[{"name":"wp","href":"https:\/\/api.w.org\/{rel}","templated":true}]}}