{"id":108495,"date":"2026-05-02T06:40:13","date_gmt":"2026-05-02T03:40:13","guid":{"rendered":"https:\/\/prizrenpost.com\/al\/trump-tallet-me-ilhan-omar-gjate-nje-fjalimi-ne-florida-ndez-polemika\/"},"modified":"2026-05-02T06:40:13","modified_gmt":"2026-05-02T03:40:13","slug":"trump-tallet-me-ilhan-omar-gjate-nje-fjalimi-ne-florida-ndez-polemika","status":"publish","type":"post","link":"https:\/\/prizrenpost.com\/al\/trump-tallet-me-ilhan-omar-gjate-nje-fjalimi-ne-florida-ndez-polemika\/","title":{"rendered":"Trump tallet me Ilhan Omar gjat\u00eb nj\u00eb fjalimi n\u00eb Florida, ndez polemika"},"content":{"rendered":"<figure class=\"post-featured-image\"><img decoding=\"async\" src=\"https:\/\/prizrenpost.com\/al\/wp-content\/uploads\/2026\/05\/maxresdefault-52-e1777692970229.jpg\" alt=\"Trump tallet me Ilhan Omar gjat\u00eb nj\u00eb fjalimi n\u00eb Florida, ndez polemika\"\/><\/figure>\n<p>Donald Trump ka shkaktuar reagime t\u00eb forta pasi gjat\u00eb nj\u00eb fjalimi n\u00eb Florida u tall me Ilhan Omar, duke imituar theksin e saj dhe duke p\u00ebrs\u00ebritur akuza t\u00eb paprovuara.<\/p>\n<p>Gjat\u00eb paraqitjes s\u00eb tij, Trump p\u00ebrdori nj\u00eb theks t\u00eb sajuar p\u00ebr ta p\u00ebrqeshur Omar dhe p\u00ebrmendi pretendime t\u00eb vjetra, t\u00eb p\u00ebrhapura n\u00eb disa qarqe konservatore, lidhur me jet\u00ebn e saj personale\u2014pretendime q\u00eb nuk jan\u00eb v\u00ebrtetuar. Ai gjithashtu sulmoi edhe Gavin Newsom si pjes\u00eb e retorik\u00ebs s\u00eb tij kund\u00ebr kund\u00ebrshtar\u00ebve politik\u00eb.<\/p>\n<p>Deklaratat kan\u00eb shkaktuar kritika nga figura politike dhe organizata t\u00eb ndryshme, t\u00eb cilat i kan\u00eb cil\u00ebsuar komentet si fyese dhe t\u00eb pap\u00ebrshtatshme, ve\u00e7an\u00ebrisht p\u00ebr shkak t\u00eb imitimit t\u00eb theksit dhe natyr\u00ebs personale t\u00eb sulmeve.<\/p>\n<p>Ngjarja vjen n\u00eb nj\u00eb klim\u00eb politike t\u00eb tensionuar, ku retorika gjat\u00eb fushatave shpesh b\u00ebhet m\u00eb e ashp\u00ebr dhe m\u00eb p\u00ebr\u00e7ar\u00ebse. \/mesazhi<\/p>\n<div class=\"youtube-embed\" data-video_id=\"dEiXX7V5aF4\"><\/div>\n<hr style=\"margin:30px 0\"\/>\n<p style=\"font-size:13px;color:#666\">Burimi: <strong>mesazhi<\/strong><\/p>\n","protected":false},"excerpt":{"rendered":"<p>Donald Trump ka shkaktuar reagime t\u00eb forta pasi gjat\u00eb nj\u00eb fjalimi n\u00eb Florida u tall me Ilhan Omar, duke imituar theksin e saj dhe duke p\u00ebrs\u00ebritur akuza t\u00eb paprovuara. Gjat\u00eb paraqitjes s\u00eb tij, Trump p\u00ebrdori nj\u00eb theks t\u00eb sajuar p\u00ebr ta p\u00ebrqeshur Omar dhe p\u00ebrmendi pretendime t\u00eb vjetra, t\u00eb p\u00ebrhapura n\u00eb disa qarqe konservatore, lidhur [&hellip;]<\/p>\n","protected":false},"author":1,"featured_media":108494,"comment_status":"open","ping_status":"open","sticky":false,"template":"","format":"standard","meta":{"footnotes":""},"categories":[24],"tags":[3803],"class_list":["post-108495","post","type-post","status-publish","format-standard","has-post-thumbnail","hentry","category-bote","tag-aktuale"],"_links":{"self":[{"href":"https:\/\/prizrenpost.com\/al\/wp-json\/wp\/v2\/posts\/108495","targetHints":{"allow":["GET"]}}],"collection":[{"href":"https:\/\/prizrenpost.com\/al\/wp-json\/wp\/v2\/posts"}],"about":[{"href":"https:\/\/prizrenpost.com\/al\/wp-json\/wp\/v2\/types\/post"}],"author":[{"embeddable":true,"href":"https:\/\/prizrenpost.com\/al\/wp-json\/wp\/v2\/users\/1"}],"replies":[{"embeddable":true,"href":"https:\/\/prizrenpost.com\/al\/wp-json\/wp\/v2\/comments?post=108495"}],"version-history":[{"count":0,"href":"https:\/\/prizrenpost.com\/al\/wp-json\/wp\/v2\/posts\/108495\/revisions"}],"wp:featuredmedia":[{"embeddable":true,"href":"https:\/\/prizrenpost.com\/al\/wp-json\/wp\/v2\/media\/108494"}],"wp:attachment":[{"href":"https:\/\/prizrenpost.com\/al\/wp-json\/wp\/v2\/media?parent=108495"}],"wp:term":[{"taxonomy":"category","embeddable":true,"href":"https:\/\/prizrenpost.com\/al\/wp-json\/wp\/v2\/categories?post=108495"},{"taxonomy":"post_tag","embeddable":true,"href":"https:\/\/prizrenpost.com\/al\/wp-json\/wp\/v2\/tags?post=108495"}],"curies":[{"name":"wp","href":"https:\/\/api.w.org\/{rel}","templated":true}]}}