{"id":108497,"date":"2026-05-02T07:10:11","date_gmt":"2026-05-02T04:10:11","guid":{"rendered":"https:\/\/prizrenpost.com\/al\/trump-njofton-kongresin-se-armiqesite-me-iranin-kane-perfunduar\/"},"modified":"2026-05-02T07:10:11","modified_gmt":"2026-05-02T04:10:11","slug":"trump-njofton-kongresin-se-armiqesite-me-iranin-kane-perfunduar","status":"publish","type":"post","link":"https:\/\/prizrenpost.com\/al\/trump-njofton-kongresin-se-armiqesite-me-iranin-kane-perfunduar\/","title":{"rendered":"Trump njofton Kongresin se armiq\u00ebsit\u00eb me Iranin kan\u00eb \u201cp\u00ebrfunduar\u201d"},"content":{"rendered":"<figure class=\"post-featured-image\"><img decoding=\"async\" src=\"https:\/\/prizrenpost.com\/al\/wp-content\/uploads\/2026\/05\/1777667223352_now_mtp_clip_ablock_260501_S3_1920x1080-stfrby.jpg\" alt=\"Trump njofton Kongresin se armiq\u00ebsit\u00eb me Iranin kan\u00eb \u201cp\u00ebrfunduar\u201d\"\/><\/figure>\n<p>Presidenti amerikan, Donald Trump, ka njoftuar Kongresin se armiq\u00ebsit\u00eb me Iranin kan\u00eb p\u00ebrfunduar, pas arm\u00ebpushimit q\u00eb ka qen\u00eb n\u00eb fuqi q\u00eb nga fillimi i prillit, transmeton Anadolu.<\/p>\n<p>\u201cM\u00eb 7 prill 2026, urdh\u00ebrova nj\u00eb arm\u00ebpushim dyjavor. Arm\u00ebpushimi q\u00eb at\u00ebher\u00eb \u00ebsht\u00eb zgjatur. Nuk ka pasur shk\u00ebmbim zjarri mes forcave amerikane dhe Iranit q\u00eb nga 7 prilli 2026. Armiq\u00ebsit\u00eb q\u00eb filluan m\u00eb 28 shkurt 2026 kan\u00eb p\u00ebrfunduar\u201d, shkroi Trump n\u00eb letra t\u00eb ndara drejtuar kryetarit t\u00eb Dhom\u00ebs s\u00eb P\u00ebrfaq\u00ebsuesve Mike Johnson dhe senatorit Chuck Grassley.<\/p>\n<p>E premtja sh\u00ebnon 60 dit\u00eb q\u00eb kur Trump njoftoi zyrtarisht Kongresin p\u00ebr veprimin ushtarak. Sipas Rezolut\u00ebs p\u00ebr Kompetencat e Luft\u00ebs, presidenti duhet t\u00eb k\u00ebrkoj\u00eb autorizim nga Kongresi p\u00ebr t\u00eb vazhduar armiq\u00ebsit\u00eb p\u00ebrtej 60 dit\u00ebve.<\/p>\n<hr style=\"margin:30px 0\"\/>\n<p style=\"font-size:13px;color:#666\">Burimi: <strong>mesazhi<\/strong><\/p>\n","protected":false},"excerpt":{"rendered":"<p>Presidenti amerikan, Donald Trump, ka njoftuar Kongresin se armiq\u00ebsit\u00eb me Iranin kan\u00eb p\u00ebrfunduar, pas arm\u00ebpushimit q\u00eb ka qen\u00eb n\u00eb fuqi q\u00eb nga fillimi i prillit, transmeton Anadolu. \u201cM\u00eb 7 prill 2026, urdh\u00ebrova nj\u00eb arm\u00ebpushim dyjavor. Arm\u00ebpushimi q\u00eb at\u00ebher\u00eb \u00ebsht\u00eb zgjatur. Nuk ka pasur shk\u00ebmbim zjarri mes forcave amerikane dhe Iranit q\u00eb nga 7 prilli 2026. [&hellip;]<\/p>\n","protected":false},"author":1,"featured_media":108496,"comment_status":"open","ping_status":"open","sticky":false,"template":"","format":"standard","meta":{"footnotes":""},"categories":[24],"tags":[3803],"class_list":["post-108497","post","type-post","status-publish","format-standard","has-post-thumbnail","hentry","category-bote","tag-aktuale"],"_links":{"self":[{"href":"https:\/\/prizrenpost.com\/al\/wp-json\/wp\/v2\/posts\/108497","targetHints":{"allow":["GET"]}}],"collection":[{"href":"https:\/\/prizrenpost.com\/al\/wp-json\/wp\/v2\/posts"}],"about":[{"href":"https:\/\/prizrenpost.com\/al\/wp-json\/wp\/v2\/types\/post"}],"author":[{"embeddable":true,"href":"https:\/\/prizrenpost.com\/al\/wp-json\/wp\/v2\/users\/1"}],"replies":[{"embeddable":true,"href":"https:\/\/prizrenpost.com\/al\/wp-json\/wp\/v2\/comments?post=108497"}],"version-history":[{"count":0,"href":"https:\/\/prizrenpost.com\/al\/wp-json\/wp\/v2\/posts\/108497\/revisions"}],"wp:featuredmedia":[{"embeddable":true,"href":"https:\/\/prizrenpost.com\/al\/wp-json\/wp\/v2\/media\/108496"}],"wp:attachment":[{"href":"https:\/\/prizrenpost.com\/al\/wp-json\/wp\/v2\/media?parent=108497"}],"wp:term":[{"taxonomy":"category","embeddable":true,"href":"https:\/\/prizrenpost.com\/al\/wp-json\/wp\/v2\/categories?post=108497"},{"taxonomy":"post_tag","embeddable":true,"href":"https:\/\/prizrenpost.com\/al\/wp-json\/wp\/v2\/tags?post=108497"}],"curies":[{"name":"wp","href":"https:\/\/api.w.org\/{rel}","templated":true}]}}