{"id":10934,"date":"2014-10-30T20:55:14","date_gmt":"2014-10-30T19:55:14","guid":{"rendered":"http:\/\/prizrenpost.com\/al\/?p=10934"},"modified":"2018-12-09T18:21:57","modified_gmt":"2018-12-09T17:21:57","slug":"shqiptaret-shuplake-platinise-ne-finlande-uefa-mafia-foto","status":"publish","type":"post","link":"https:\/\/prizrenpost.com\/al\/shqiptaret-shuplake-platinise-ne-finlande-uefa-mafia-foto\/","title":{"rendered":"Shqiptar\u00ebt, shuplak\u00eb Platinis\u00eb n\u00eb Finland\u00eb: UEFA = Mafia (Foto)"},"content":{"rendered":"<p><img decoding=\"async\" src=\"https:\/\/prizrenpost.com\/al\/wp-content\/uploads\/2014\/10\/shqiptaret.jpg\" alt=\"\" width=\"100%\" height=\"\" class=\"alignleft size-full wp-image-49612\" srcset=\"https:\/\/prizrenpost.com\/al\/wp-content\/uploads\/2014\/10\/shqiptaret.jpg 640w, https:\/\/prizrenpost.com\/al\/wp-content\/uploads\/2014\/10\/shqiptaret-300x169.jpg 300w\" sizes=\"(max-width: 640px) 100vw, 640px\" \/><\/p>\n<p><strong>Presidenti i UEFA-s, Michel Platini ka vizituar sot Finland\u00ebn ku ishte mysafir i skuadr\u00ebs Helsinki. Por, vizita e tij ka qen\u00eb gjith\u00e7ka pos e mir\u00eb.<\/strong><\/p>\n<p>Udh\u00ebtimi nuk i doli aq i k\u00ebndsh\u00ebm pasi at\u00eb e prit\u00ebn nj\u00eb num\u00ebr i emigrant\u00ebve shqiptar\u00ebve t\u00eb cil\u00ebt shpreh\u00ebn pak\u00ebnaq\u00ebsin\u00eb e tyre ndaj vendimit skandaloz t\u00eb UEFA-s n\u00eb lidhje me ndeshjen e nd\u00ebrprer\u00eb mes Serbis\u00eb dhe Shqip\u00ebris\u00eb n\u00eb Beograd, q\u00eb u regjistrua me rezultat zyrtar\u00eb 3:0 p\u00ebr vendasit.<\/p>\n<p><img decoding=\"async\" src=\"http:\/\/prizrenpost.com\/al\/wp-content\/uploads\/2014\/10\/uefa-mafia-2.jpg\" alt=\"uefa mafia 2\" width=\"100%\" height=\"\" class=\"alignnone size-full wp-image-10936\" \/><\/p>\n<p>Jasht\u00eb objektit ku Platini ishte mysafir, u d\u00ebgjuan thirrje t\u00eb ndryshme kund\u00ebr francezit si dhe u shfaq\u00ebn mbishkrime: UEFA = MAFIA, UEFA = Para t\u00eb ndyra, UEFA = Korrupsion, Largohu Platini\u201d, e t\u00eb tjera, transmeton Z\u00ebri. <\/p>\n<p><img decoding=\"async\" src=\"http:\/\/prizrenpost.com\/al\/wp-content\/uploads\/2014\/10\/uefa-mafia-3.jpg\" alt=\"uefa mafia 3\" width=\"100%\" height=\"\" class=\"alignnone size-full wp-image-10937\" \/><\/p>\n<p>Protestat vijn\u00eb pas vendimit t\u00eb UEFA-s p\u00ebr ta d\u00ebnuar Shqip\u00ebrin\u00eb me disfat\u00eb p\u00ebr ndeshjen ndaj Serbis\u00eb.<\/p>\n","protected":false},"excerpt":{"rendered":"<p>Presidenti i UEFA-s, Michel Platini ka vizituar sot Finland\u00ebn ku ishte mysafir i skuadr\u00ebs Helsinki. Por, vizita e tij ka qen\u00eb gjith\u00e7ka pos e mir\u00eb. Udh\u00ebtimi nuk i doli aq i k\u00ebndsh\u00ebm pasi at\u00eb e prit\u00ebn nj\u00eb num\u00ebr i emigrant\u00ebve shqiptar\u00ebve t\u00eb cil\u00ebt shpreh\u00ebn pak\u00ebnaq\u00ebsin\u00eb e tyre ndaj vendimit skandaloz t\u00eb UEFA-s n\u00eb lidhje me [&hellip;]<\/p>\n","protected":false},"author":1,"featured_media":49612,"comment_status":"open","ping_status":"open","sticky":false,"template":"","format":"standard","meta":{"footnotes":""},"categories":[7],"tags":[4951,947,1491],"class_list":["post-10934","post","type-post","status-publish","format-standard","has-post-thumbnail","hentry","category-sport","tag-michel-platini","tag-shqiptaret","tag-uefa"],"_links":{"self":[{"href":"https:\/\/prizrenpost.com\/al\/wp-json\/wp\/v2\/posts\/10934","targetHints":{"allow":["GET"]}}],"collection":[{"href":"https:\/\/prizrenpost.com\/al\/wp-json\/wp\/v2\/posts"}],"about":[{"href":"https:\/\/prizrenpost.com\/al\/wp-json\/wp\/v2\/types\/post"}],"author":[{"embeddable":true,"href":"https:\/\/prizrenpost.com\/al\/wp-json\/wp\/v2\/users\/1"}],"replies":[{"embeddable":true,"href":"https:\/\/prizrenpost.com\/al\/wp-json\/wp\/v2\/comments?post=10934"}],"version-history":[{"count":0,"href":"https:\/\/prizrenpost.com\/al\/wp-json\/wp\/v2\/posts\/10934\/revisions"}],"wp:featuredmedia":[{"embeddable":true,"href":"https:\/\/prizrenpost.com\/al\/wp-json\/wp\/v2\/media\/49612"}],"wp:attachment":[{"href":"https:\/\/prizrenpost.com\/al\/wp-json\/wp\/v2\/media?parent=10934"}],"wp:term":[{"taxonomy":"category","embeddable":true,"href":"https:\/\/prizrenpost.com\/al\/wp-json\/wp\/v2\/categories?post=10934"},{"taxonomy":"post_tag","embeddable":true,"href":"https:\/\/prizrenpost.com\/al\/wp-json\/wp\/v2\/tags?post=10934"}],"curies":[{"name":"wp","href":"https:\/\/api.w.org\/{rel}","templated":true}]}}