{"id":10984,"date":"2014-11-03T16:03:30","date_gmt":"2014-11-03T15:03:30","guid":{"rendered":"http:\/\/prizrenpost.com\/al\/?p=10984"},"modified":"2018-12-04T22:50:11","modified_gmt":"2018-12-04T21:50:11","slug":"bashkeorganizim-per-varrimin-e-eshtrave-te-isa-boletinit","status":"publish","type":"post","link":"https:\/\/prizrenpost.com\/al\/bashkeorganizim-per-varrimin-e-eshtrave-te-isa-boletinit\/","title":{"rendered":"Bashk\u00eborganizim p\u00ebr varrimin e eshtrave t\u00eb Isa Boletinit"},"content":{"rendered":"<p><img decoding=\"async\" src=\"https:\/\/prizrenpost.com\/al\/wp-content\/uploads\/2014\/11\/minxhozi-krasniqi.jpg\" alt=\"\" width=\"100%\" height=\"\" class=\"alignleft size-full wp-image-48728\" srcset=\"https:\/\/prizrenpost.com\/al\/wp-content\/uploads\/2014\/11\/minxhozi-krasniqi.jpg 620w, https:\/\/prizrenpost.com\/al\/wp-content\/uploads\/2014\/11\/minxhozi-krasniqi-300x177.jpg 300w\" sizes=\"(max-width: 620px) 100vw, 620px\" \/><\/p>\n<p><strong>Prishtin\u00eb &#8211; Data p\u00ebr ceremonin\u00eb e varrimit t\u00eb eshtrave t\u00eb heroit Boletini \u00ebsht\u00eb caktuar 28 N\u00ebntori 2014.<\/strong><\/p>\n<p>Bashk\u00eb p\u00ebr organizimin e varrimit t\u00eb eshtrave t\u00eb Isa Boletinit<\/p>\n<p>Ministri i Kultur\u00ebs, Rinis\u00eb dhe Sportit, Memli Krasniqi ka pritur sot n\u00eb nj\u00eb takim Ambasadorin e Republik\u00ebs s\u00eb Shqip\u00ebris\u00eb n\u00eb Prishtin\u00eb, Qemajl Minxhozi, me t\u00eb cilin kan\u00eb biseduar p\u00ebr bashk\u00ebpunimin mes dy vendeve gjat\u00eb k\u00ebtij viti, si dhe p\u00ebr planet p\u00ebr t\u00eb ardhmen.<\/p>\n<p>Me theks t\u00eb ve\u00e7ant\u00eb n\u00eb k\u00ebt\u00eb takim u bisedua p\u00ebr bashk\u00ebveprimin dhe koordinimin rreth ceremonis\u00eb se varrimit t\u00eb eshtrave t\u00eb heroit komb\u00ebtar Isa Boletini, t\u00eb cilat u verifikuan para pak dit\u00ebsh nga eksperti mjekoligjor Arsim G\u00ebrxhaliu, drejtor i Departamentit t\u00eb Mjek\u00ebsis\u00eb Ligjore n\u00eb kuad\u00ebr t\u00eb Ministris\u00eb s\u00eb Drejt\u00ebsis\u00eb.<\/p>\n<p>Ministri Krasniqi tha se tashm\u00eb p\u00ebrgatitjet p\u00ebr ceremonin\u00eb kan\u00eb filluar. Data p\u00ebr ceremonin\u00eb e varrimit t\u00eb eshtrave t\u00eb heroit Boletini \u00ebsht\u00eb caktuar 28 N\u00ebntori 2014.<\/p>\n<p>\u201cFigura e Isa Boletinit \u00ebsht\u00eb gjith\u00ebkomb\u00ebtare. Pik\u00ebrisht p\u00ebr k\u00ebt\u00eb nj\u00eb organizim nga t\u00eb dy vendet tona do t\u2019i b\u00ebnte nder figur\u00ebs s\u00eb tij dhe vepr\u00ebs s\u00eb tij p\u00ebr liri dhe pavar\u00ebsi\u201d, tha ministri Krasniqi, teksa shtoi se Qeveria e Republik\u00ebs s\u00eb Kosov\u00ebs do t\u00eb udh\u00ebheq k\u00ebt\u00eb ceremoni.<\/p>\n<p>Nga ana e tij, ambasadori Qemajl Minxhozi shprehi gatishm\u00ebrin\u00eb e lart\u00eb t\u00eb institucioneve t\u00eb Qeveris\u00eb s\u00eb Shqip\u00ebris\u00eb p\u00ebr t\u00eb qen\u00eb bashkorganizator t\u00eb k\u00ebsaj ceremonie.<\/p>\n<p>\u201cNe jemi t\u00eb lumtur q\u00eb kemi rastin si gjenerat\u00eb t\u2019i b\u00ebjm\u00eb nj\u00eb nder figur\u00ebs dhe vepr\u00ebs s\u00eb Isa Boletinit\u201d, deklaroi ai.<\/p>\n<p>N\u00eb k\u00ebt\u00eb takim u bisedua edhe p\u00ebr bashk\u00ebpunimin n\u00eb mes dy vendeve n\u00eb fush\u00ebn e kultur\u00ebs, trash\u00ebgimis\u00eb kulturore dhe sportit, thuhet n\u00eb nj\u00eb komunikat\u00eb nga zyrat e Ministris\u00eb s\u00eb Kultur\u00ebs.\/RTK\/<\/p>\n","protected":false},"excerpt":{"rendered":"<p>Prishtin\u00eb &#8211; Data p\u00ebr ceremonin\u00eb e varrimit t\u00eb eshtrave t\u00eb heroit Boletini \u00ebsht\u00eb caktuar 28 N\u00ebntori 2014. Bashk\u00eb p\u00ebr organizimin e varrimit t\u00eb eshtrave t\u00eb Isa Boletinit Ministri i Kultur\u00ebs, Rinis\u00eb dhe Sportit, Memli Krasniqi ka pritur sot n\u00eb nj\u00eb takim Ambasadorin e Republik\u00ebs s\u00eb Shqip\u00ebris\u00eb n\u00eb Prishtin\u00eb, Qemajl Minxhozi, me t\u00eb cilin kan\u00eb biseduar [&hellip;]<\/p>\n","protected":false},"author":1,"featured_media":48728,"comment_status":"open","ping_status":"open","sticky":false,"template":"","format":"standard","meta":{"footnotes":""},"categories":[1],"tags":[4345,2689,48,3624,4873],"class_list":["post-10984","post","type-post","status-publish","format-standard","has-post-thumbnail","hentry","category-lajme","tag-ambasadori-shqiptar","tag-isa-boletini","tag-kosove","tag-memli-krasniqi","tag-qemajl-minxhozi"],"_links":{"self":[{"href":"https:\/\/prizrenpost.com\/al\/wp-json\/wp\/v2\/posts\/10984","targetHints":{"allow":["GET"]}}],"collection":[{"href":"https:\/\/prizrenpost.com\/al\/wp-json\/wp\/v2\/posts"}],"about":[{"href":"https:\/\/prizrenpost.com\/al\/wp-json\/wp\/v2\/types\/post"}],"author":[{"embeddable":true,"href":"https:\/\/prizrenpost.com\/al\/wp-json\/wp\/v2\/users\/1"}],"replies":[{"embeddable":true,"href":"https:\/\/prizrenpost.com\/al\/wp-json\/wp\/v2\/comments?post=10984"}],"version-history":[{"count":0,"href":"https:\/\/prizrenpost.com\/al\/wp-json\/wp\/v2\/posts\/10984\/revisions"}],"wp:featuredmedia":[{"embeddable":true,"href":"https:\/\/prizrenpost.com\/al\/wp-json\/wp\/v2\/media\/48728"}],"wp:attachment":[{"href":"https:\/\/prizrenpost.com\/al\/wp-json\/wp\/v2\/media?parent=10984"}],"wp:term":[{"taxonomy":"category","embeddable":true,"href":"https:\/\/prizrenpost.com\/al\/wp-json\/wp\/v2\/categories?post=10984"},{"taxonomy":"post_tag","embeddable":true,"href":"https:\/\/prizrenpost.com\/al\/wp-json\/wp\/v2\/tags?post=10984"}],"curies":[{"name":"wp","href":"https:\/\/api.w.org\/{rel}","templated":true}]}}