{"id":11134,"date":"2014-11-23T09:32:48","date_gmt":"2014-11-23T08:32:48","guid":{"rendered":"http:\/\/prizrenpost.com\/al\/?p=11134"},"modified":"2018-12-04T22:52:08","modified_gmt":"2018-12-04T21:52:08","slug":"zeri-i-lulzim-bashes-deshton-serish","status":"publish","type":"post","link":"https:\/\/prizrenpost.com\/al\/zeri-i-lulzim-bashes-deshton-serish\/","title":{"rendered":"Z\u00ebri i Lulzim Bash\u00ebs d\u00ebshton s\u00ebrish"},"content":{"rendered":"<p><img decoding=\"async\" src=\"https:\/\/prizrenpost.com\/al\/wp-content\/uploads\/2014\/11\/basha.jpg\" alt=\"\" width=\"100%\" height=\"\" class=\"alignleft size-full wp-image-48731\" srcset=\"https:\/\/prizrenpost.com\/al\/wp-content\/uploads\/2014\/11\/basha.jpg 640w, https:\/\/prizrenpost.com\/al\/wp-content\/uploads\/2014\/11\/basha-300x141.jpg 300w\" sizes=\"(max-width: 640px) 100vw, 640px\" \/><\/p>\n<p><strong>Tiran\u00eb &#8211; Basha k\u00ebrkoi q\u00eb qeveria t\u00eb l\u00ebr\u00eb m\u00ebnjan\u00eb sukseset imagjinare dhe historit\u00eb e Nastradinit dhe t\u00eb d\u00ebgjoj\u00eb qytetar\u00ebt, Duke pasur her\u00eb pas here luhatje me z\u00ebrin gjat\u00eb fjalimit, por duke iu dh\u00ebn\u00eb edhe nj\u00eb p\u00ebrgjigje atyre q\u00eb e kritikojn\u00eb p\u00ebr t\u00eb. Dhe nga fundi i fjalim, kreut demokrat s\u00ebrish i ngjiret z\u00ebri. N\u00eb fakt nuk \u00ebsht\u00eb hera e par\u00eb q\u00eb z\u00ebri i kreut t\u00eb opozit\u00ebs shfaq nj\u00eb problem t\u00eb till\u00eb, t\u00eb cilin kund\u00ebrshtar\u00ebt e komentojn\u00eb si mang\u00ebsi n\u00eb statur\u00ebn e tij politike.<\/strong><\/p>\n<p>Megjithat\u00eb, k\u00ebt\u00eb her\u00eb Lulzim Basha jo vet\u00ebm u doli p\u00ebrpara komenteve, por me z\u00eb t\u00eb qart\u00eb b\u00ebri nj\u00eb paralajm\u00ebrim t\u00eb fundit p\u00ebr kryeministrin Rama. T\u00eb mos t\u00eb t\u00eb g\u00ebnjej\u00eb mendja se mund t\u2019ia hedh\u00ebsh duke u marr me z\u00ebrin tim. Z\u00ebri im ik\u00ebn, vjen, \u00ebsht\u00eb z\u00ebri i popullit shqiptar. D\u00ebgjojeni z\u00ebrin e shqiptar\u00ebve sa nuk \u00ebsht\u00eb von\u00eb. As bunkeri i Enver Hoxh\u00ebs nuk do t\u2019ju mbroj\u00eb dot nga fuqia e bashkuar e shqiptar\u00ebve\u201d, shtoi Basha. Kryetari i Partis\u00eb Demokratike,nuk e fshehu euforin\u00eb nga pjes\u00ebmarrja e madhe duke i b\u00ebr\u00eb thirrje qeveris\u00eb Rama-Meta t\u00eb ndalen sa nuk \u00ebsht\u00eb von\u00eb, ose p\u00ebrndryshe do ta rr\u00ebzoj- n\u00eb. \u201cKa nj\u00eb rregull kur nuk p\u00ebrmbush kontrat\u00ebn: Nuk largohet qytetari, nuk dhunohet qytetari, nuk bie populli, por jepet dor\u00ebheqja ose rr\u00ebzohet qeveria\u201d, tha Basha. Ai dha edhe q\u00ebndrimin zyrtar t\u00eb PD p\u00ebr mb\u00ebshtetjen e shtetit ligjor, por edhe p\u00ebr mb\u00ebshtetjen e kujtdo q\u00eb \u00ebsht\u00eb goditur nga Rama dhe banda e tij.\u201cNd\u00ebrtimet pa leje, as kan\u00eb patur dhe as do t\u00eb ken\u00eb mb\u00ebshtetjen ton\u00eb, por ne kemi mbrojtur dhe do t\u00eb mbrojm\u00eb me forc\u00eb t\u00eb drejtat ligjore t\u00eb gjith\u00eb shtetasve q\u00eb jan\u00eb b\u00ebr\u00eb objekt i gjuetis\u00eb s\u00eb paligjshme, korruptive dhe barbare t\u00eb Edi Ram\u00ebs dhe band\u00ebs s\u00eb tij. Njer\u00ebz q\u00eb jan\u00eb goditur n\u00eb pasurin\u00eb e tyre m\u00eb t\u00eb shtrenjt\u00eb pa ju dh\u00ebn\u00eb nj\u00eb cop\u00eb let\u00ebr n\u00eb dor\u00eb, nd\u00ebrkoh\u00eb q\u00eb pallatet e miqve, shok\u00ebve, klientel\u00ebs s\u00eb Edi Ram\u00ebs dhe Ilir Met\u00ebs lart\u00ebsohen t\u00eb paprekshme. Ja sesi k\u00ebta hipokrit\u00eb guxojn\u00eb t\u2019i ndajn\u00eb shqiptar\u00ebt n\u00eb t\u00eb n\u00ebn\u00ebs dhe n\u00eb t\u00eb njerk\u00ebs. I b\u00ebjm\u00eb apel qytetar\u00ebve t\u00eb nd\u00ebrtojn\u00eb vet\u00ebm me leje dhe institucioneve t\u00eb shtetit t\u00eb zbatojn\u00eb dhe respektojn\u00eb planet urbanistike dhe t\u00eb rihapin lejet e nd\u00ebrtimit\u201d, u shpreh kreu i PD.\/shekulli\/<\/p>\n","protected":false},"excerpt":{"rendered":"<p>Tiran\u00eb &#8211; Basha k\u00ebrkoi q\u00eb qeveria t\u00eb l\u00ebr\u00eb m\u00ebnjan\u00eb sukseset imagjinare dhe historit\u00eb e Nastradinit dhe t\u00eb d\u00ebgjoj\u00eb qytetar\u00ebt, Duke pasur her\u00eb pas here luhatje me z\u00ebrin gjat\u00eb fjalimit, por duke iu dh\u00ebn\u00eb edhe nj\u00eb p\u00ebrgjigje atyre q\u00eb e kritikojn\u00eb p\u00ebr t\u00eb. Dhe nga fundi i fjalim, kreut demokrat s\u00ebrish i ngjiret z\u00ebri. N\u00eb fakt [&hellip;]<\/p>\n","protected":false},"author":1,"featured_media":48731,"comment_status":"open","ping_status":"open","sticky":false,"template":"","format":"standard","meta":{"footnotes":""},"categories":[1],"tags":[1047,697,52],"class_list":["post-11134","post","type-post","status-publish","format-standard","has-post-thumbnail","hentry","category-lajme","tag-lulzim-basha","tag-opozita","tag-shqiperi"],"_links":{"self":[{"href":"https:\/\/prizrenpost.com\/al\/wp-json\/wp\/v2\/posts\/11134","targetHints":{"allow":["GET"]}}],"collection":[{"href":"https:\/\/prizrenpost.com\/al\/wp-json\/wp\/v2\/posts"}],"about":[{"href":"https:\/\/prizrenpost.com\/al\/wp-json\/wp\/v2\/types\/post"}],"author":[{"embeddable":true,"href":"https:\/\/prizrenpost.com\/al\/wp-json\/wp\/v2\/users\/1"}],"replies":[{"embeddable":true,"href":"https:\/\/prizrenpost.com\/al\/wp-json\/wp\/v2\/comments?post=11134"}],"version-history":[{"count":0,"href":"https:\/\/prizrenpost.com\/al\/wp-json\/wp\/v2\/posts\/11134\/revisions"}],"wp:featuredmedia":[{"embeddable":true,"href":"https:\/\/prizrenpost.com\/al\/wp-json\/wp\/v2\/media\/48731"}],"wp:attachment":[{"href":"https:\/\/prizrenpost.com\/al\/wp-json\/wp\/v2\/media?parent=11134"}],"wp:term":[{"taxonomy":"category","embeddable":true,"href":"https:\/\/prizrenpost.com\/al\/wp-json\/wp\/v2\/categories?post=11134"},{"taxonomy":"post_tag","embeddable":true,"href":"https:\/\/prizrenpost.com\/al\/wp-json\/wp\/v2\/tags?post=11134"}],"curies":[{"name":"wp","href":"https:\/\/api.w.org\/{rel}","templated":true}]}}