{"id":1169,"date":"2013-07-19T19:15:47","date_gmt":"2013-07-19T17:15:47","guid":{"rendered":"http:\/\/prizrenpost.com\/al\/?p=1169"},"modified":"2020-06-29T11:47:58","modified_gmt":"2020-06-29T09:47:58","slug":"goditet-me-predhe-te-dasmoreve-vetura-e-mergimtarit","status":"publish","type":"post","link":"https:\/\/prizrenpost.com\/al\/goditet-me-predhe-te-dasmoreve-vetura-e-mergimtarit\/","title":{"rendered":"Goditet me predh\u00eb t\u00eb dasmor\u00ebve vetura e m\u00ebrgimtarit"},"content":{"rendered":"<p><img decoding=\"async\" src=\"https:\/\/prizrenpost.com\/al\/wp-content\/uploads\/2013\/07\/predhat.jpg\" alt=\"\" width=\"100%\" height=\"\" class=\"alignleft size-full wp-image-58905\" srcset=\"https:\/\/prizrenpost.com\/al\/wp-content\/uploads\/2013\/07\/predhat.jpg 629w, https:\/\/prizrenpost.com\/al\/wp-content\/uploads\/2013\/07\/predhat-300x175.jpg 300w\" sizes=\"(max-width: 629px) 100vw, 629px\" \/><\/p>\n<p><strong>Gjilan, 19 korrik &#8211; M\u00ebrgimtarit Mevludin Sabedinit i ka ndodhur nj\u00eb ngjarje e pak\u00ebndshme k\u00ebt\u00eb t\u00eb premte, derisa ai me familje po q\u00ebndronte n\u00eb ballkon t\u00eb sht\u00ebpis\u00eb. Nj\u00eb predh\u00eb e ka goditur vetur\u00ebn e tij Audi 6, ku ka p\u00ebsuar d\u00ebme t\u00eb konsiderueshme. Ismet Hashani z\u00ebdh\u00ebn\u00ebs i policis\u00eb tha p\u00ebr rajonipress se vetura \u00ebsht\u00eb d\u00ebmtuar si pasoj\u00eb e gjuajtjes me arm\u00eb t\u00eb zjarrit nga ahengjet dhe dasmat.<\/strong><\/p>\n<p>\u201cPunoj n\u00eb Luzern t\u00eb Zvicr\u00ebs dhe ka 10 dit\u00eb q\u00eb ndodhem me familje n\u00eb sht\u00ebpin\u00eb time. Sot derisa po rrija me f\u00ebmij\u00ebt n\u00eb ballkon kam v\u00ebrejtur se mbi vetur\u00ebn time ka r\u00ebn\u00eb me shpejt\u00ebsi t\u00eb madhe nj\u00eb plumb, i cili ka shkaktuar d\u00ebme t\u00eb m\u00ebdha n\u00eb vetur\u00eb, meq\u00eb plumbi ka dep\u00ebrtuar edhe n\u00eb motor t\u00eb vetur\u00ebs\u201d, sqaroi Sabedini.<\/p>\n<p>Sipas tij, plumbi ka ardhur nga t\u00eb sht\u00ebnat e pakontrolluara nga nj\u00eb dasm\u00eb dhe dasmor\u00ebt e pand\u00ebrgjegjsh\u00ebm. \u201cIsha i trishtuar nga kjo sken\u00eb sepse isha pak metra larg me f\u00ebmij\u00ebt. Kam ftuar policin\u00eb dhe jam shum\u00eb i interesuar q\u00eb rasti t\u00eb zbardhet, n\u00eb m\u00ebnyr\u00eb q\u00eb t\u00eb parandalohen raste tjera\u201d, tha ai.<\/p>\n<p>Sipas Ismet Hashanit, z\u00ebdh\u00ebn\u00ebs i policis\u00eb rajonale n\u00eb Gjilan, kjo ka ndodhur t\u00eb premten  rreth or\u00ebs 12 e 30 minuta, n\u00eb rrug\u00ebn \u201cAbdulla Presheva\u201d. <\/p>\n<p>\u201cPavar\u00ebsisht q\u00eb kjo predh\u00eb ka mundur t\u00eb vij\u00eb pa ndonj\u00eb q\u00ebllim t\u00eb caktuar, ne u b\u00ebjm\u00eb apel t\u00eb gjith\u00eb dasmor\u00ebve dhe familjeve q\u00eb organizojn\u00eb ahengje e ndeja, q\u00eb t\u00eb ken\u00eb kujdes maksimal sepse ligji parasheh sanksione p\u00ebr k\u00ebto raste\u201d, tha z\u00ebdh\u00ebn\u00ebsi policor Hashani.<\/p>\n","protected":false},"excerpt":{"rendered":"<p>Gjilan, 19 korrik &#8211; M\u00ebrgimtarit Mevludin Sabedinit i ka ndodhur nj\u00eb ngjarje e pak\u00ebndshme k\u00ebt\u00eb t\u00eb premte, derisa ai me familje po q\u00ebndronte n\u00eb ballkon t\u00eb sht\u00ebpis\u00eb. Nj\u00eb predh\u00eb e ka goditur vetur\u00ebn e tij Audi 6, ku ka p\u00ebsuar d\u00ebme t\u00eb konsiderueshme. Ismet Hashani z\u00ebdh\u00ebn\u00ebs i policis\u00eb tha p\u00ebr rajonipress se vetura \u00ebsht\u00eb d\u00ebmtuar [&hellip;]<\/p>\n","protected":false},"author":1,"featured_media":58905,"comment_status":"open","ping_status":"open","sticky":false,"template":"","format":"standard","meta":{"footnotes":""},"categories":[1],"tags":[5185,1072,741],"class_list":["post-1169","post","type-post","status-publish","format-standard","has-post-thumbnail","hentry","category-lajme","tag-dasma","tag-gjilan","tag-policia"],"_links":{"self":[{"href":"https:\/\/prizrenpost.com\/al\/wp-json\/wp\/v2\/posts\/1169","targetHints":{"allow":["GET"]}}],"collection":[{"href":"https:\/\/prizrenpost.com\/al\/wp-json\/wp\/v2\/posts"}],"about":[{"href":"https:\/\/prizrenpost.com\/al\/wp-json\/wp\/v2\/types\/post"}],"author":[{"embeddable":true,"href":"https:\/\/prizrenpost.com\/al\/wp-json\/wp\/v2\/users\/1"}],"replies":[{"embeddable":true,"href":"https:\/\/prizrenpost.com\/al\/wp-json\/wp\/v2\/comments?post=1169"}],"version-history":[{"count":1,"href":"https:\/\/prizrenpost.com\/al\/wp-json\/wp\/v2\/posts\/1169\/revisions"}],"predecessor-version":[{"id":58906,"href":"https:\/\/prizrenpost.com\/al\/wp-json\/wp\/v2\/posts\/1169\/revisions\/58906"}],"wp:featuredmedia":[{"embeddable":true,"href":"https:\/\/prizrenpost.com\/al\/wp-json\/wp\/v2\/media\/58905"}],"wp:attachment":[{"href":"https:\/\/prizrenpost.com\/al\/wp-json\/wp\/v2\/media?parent=1169"}],"wp:term":[{"taxonomy":"category","embeddable":true,"href":"https:\/\/prizrenpost.com\/al\/wp-json\/wp\/v2\/categories?post=1169"},{"taxonomy":"post_tag","embeddable":true,"href":"https:\/\/prizrenpost.com\/al\/wp-json\/wp\/v2\/tags?post=1169"}],"curies":[{"name":"wp","href":"https:\/\/api.w.org\/{rel}","templated":true}]}}