{"id":117298,"date":"2026-08-31T13:25:18","date_gmt":"2026-08-31T10:25:18","guid":{"rendered":"https:\/\/prizrenpost.com\/al\/kurti-e-abdixhiku-takohen-edhe-sot\/"},"modified":"2026-08-31T13:25:18","modified_gmt":"2026-08-31T10:25:18","slug":"kurti-e-abdixhiku-takohen-edhe-sot","status":"publish","type":"post","link":"https:\/\/prizrenpost.com\/al\/kurti-e-abdixhiku-takohen-edhe-sot\/","title":{"rendered":"Kurti e Abdixhiku takohen edhe sot"},"content":{"rendered":"<figure class=\"post-featured-image\"><img decoding=\"async\" src=\"https:\/\/prizrenpost.com\/al\/wp-content\/uploads\/2026\/05\/prizrenpost-og.png\" alt=\"Kurti e Abdixhiku takohen edhe sot\"\/><\/figure>\n<p>Kryetari i L\u00ebvizjes Vet\u00ebvendosje, Albin Kurti nj\u00ebherit kryeminist\u00ebr n\u00eb detyr\u00eb dhe kryetari i LDK-s\u00eb, Lumir Abdixhiku pritet t\u00eb zhvillojn\u00eb edhe nj\u00eb takim n\u00eb p\u00ebrpjekjeje p\u00ebr t\u00eb arritur marr\u00ebveshje p\u00ebr emrin e presidentit.<\/p>\n<p>Takimi si\u00e7 m\u00ebson T\u00ebv\u00eb1 \u00ebsht\u00eb parapar\u00eb t\u00eb mbahet nga ora 12:00 n\u00eb Kuvendin e Kosov\u00ebs.<\/p>\n<p>Kurti e Abdixhiku kan\u00eb zhvilluar disa takime, por deri m\u00eb tash nuk \u00ebsht\u00eb prezantuar ndonj\u00eb em\u00ebr konsensual p\u00ebr presidentin<\/p>\n<hr style=\"margin:30px 0\"\/>\n<p style=\"font-size:13px;color:#666\">Burimi: <strong>mesazhi<\/strong><\/p>\n","protected":false},"excerpt":{"rendered":"<p>Kryetari i L\u00ebvizjes Vet\u00ebvendosje, Albin Kurti nj\u00ebherit kryeminist\u00ebr n\u00eb detyr\u00eb dhe kryetari i LDK-s\u00eb, Lumir Abdixhiku pritet t\u00eb zhvillojn\u00eb edhe nj\u00eb takim n\u00eb p\u00ebrpjekjeje p\u00ebr t\u00eb arritur marr\u00ebveshje p\u00ebr emrin e presidentit. Takimi si\u00e7 m\u00ebson T\u00ebv\u00eb1 \u00ebsht\u00eb parapar\u00eb t\u00eb mbahet nga ora 12:00 n\u00eb Kuvendin e Kosov\u00ebs. Kurti e Abdixhiku kan\u00eb zhvilluar disa takime, por [&hellip;]<\/p>\n","protected":false},"author":1,"featured_media":109453,"comment_status":"open","ping_status":"open","sticky":false,"template":"","format":"standard","meta":{"footnotes":""},"categories":[14],"tags":[3803],"class_list":["post-117298","post","type-post","status-publish","format-standard","has-post-thumbnail","hentry","category-kombetare","tag-aktuale"],"_links":{"self":[{"href":"https:\/\/prizrenpost.com\/al\/wp-json\/wp\/v2\/posts\/117298","targetHints":{"allow":["GET"]}}],"collection":[{"href":"https:\/\/prizrenpost.com\/al\/wp-json\/wp\/v2\/posts"}],"about":[{"href":"https:\/\/prizrenpost.com\/al\/wp-json\/wp\/v2\/types\/post"}],"author":[{"embeddable":true,"href":"https:\/\/prizrenpost.com\/al\/wp-json\/wp\/v2\/users\/1"}],"replies":[{"embeddable":true,"href":"https:\/\/prizrenpost.com\/al\/wp-json\/wp\/v2\/comments?post=117298"}],"version-history":[{"count":0,"href":"https:\/\/prizrenpost.com\/al\/wp-json\/wp\/v2\/posts\/117298\/revisions"}],"wp:featuredmedia":[{"embeddable":true,"href":"https:\/\/prizrenpost.com\/al\/wp-json\/wp\/v2\/media\/109453"}],"wp:attachment":[{"href":"https:\/\/prizrenpost.com\/al\/wp-json\/wp\/v2\/media?parent=117298"}],"wp:term":[{"taxonomy":"category","embeddable":true,"href":"https:\/\/prizrenpost.com\/al\/wp-json\/wp\/v2\/categories?post=117298"},{"taxonomy":"post_tag","embeddable":true,"href":"https:\/\/prizrenpost.com\/al\/wp-json\/wp\/v2\/tags?post=117298"}],"curies":[{"name":"wp","href":"https:\/\/api.w.org\/{rel}","templated":true}]}}