{"id":117325,"date":"2026-09-01T09:45:17","date_gmt":"2026-09-01T06:45:17","guid":{"rendered":"https:\/\/prizrenpost.com\/al\/aksident-me-fatalitet-ne-istog-nje-i-vdekur-e-dy-te-lenduar\/"},"modified":"2026-09-01T09:45:17","modified_gmt":"2026-09-01T06:45:17","slug":"aksident-me-fatalitet-ne-istog-nje-i-vdekur-e-dy-te-lenduar","status":"publish","type":"post","link":"https:\/\/prizrenpost.com\/al\/aksident-me-fatalitet-ne-istog-nje-i-vdekur-e-dy-te-lenduar\/","title":{"rendered":"Aksident me fatalitet n\u00eb Istog, nj\u00eb i vdekur e dy t\u00eb l\u00ebnduar"},"content":{"rendered":"<figure class=\"post-featured-image\"><img decoding=\"async\" src=\"https:\/\/prizrenpost.com\/al\/wp-content\/uploads\/2026\/05\/prizrenpost-og.png\" alt=\"Aksident me fatalitet n\u00eb Istog, nj\u00eb i vdekur e dy t\u00eb l\u00ebnduar\"\/><\/figure>\n<p>Nj\u00eb aksident i r\u00ebnd\u00eb trafiku ka ndodhur rreth or\u00ebs 00:02 pas mesnate n\u00eb fshatin C\u00ebrrc\u00eb.<\/p>\n<p>N\u00eb aksident ja p\u00ebrfshir\u00eb 2 persona dhe jan\u00eb l\u00ebnduar 3 persona ku nj\u00ebri nga ta ka humbur jet\u00ebn<\/p>\n<p>Lidhur m\u00eb k\u00ebt\u00eb kan\u00eb folur nga Policia e Kosov\u00ebs.<\/p>\n<p>\u201cSot rreth or\u00ebs 00:02, Policia \u00ebsht\u00eb njoftuar p\u00ebr nj\u00eb aksident trafiku i cili ka ndodhur n\u00eb fshatin C\u00ebrrc-Istog, n\u00eb k\u00ebt\u00eb aksident ishin 2 vetura dhe si pasoj\u00eb 3 p\u00ebrsona kan\u00eb p\u00ebsuar lendime trupore, t\u00eb lenduarit jan\u00eb d\u00ebrguar n\u00eb spitalin rajonal n\u00eb Pej\u00eb, nj\u00ebri nga t\u00eb lenduarit sipas ekipit mjek\u00ebsor ka arritur pa shenja jete n\u00eb spital, t\u00eb lenduarit pas trajtimit n\u00eb Spitalin Rajonal Pej\u00eb  nj\u00ebri nga ta p\u00ebr shkak t\u00eb natyr\u00ebs s\u00eb lendimeve d\u00ebrgohet ne QKUK-Prishtin\u00eb\u201d, ka th\u00ebn\u00eb Rugova p\u00ebr Indeksonline.<\/p>\n<p>Rasti \u00ebsht\u00eb duke u hetuar nga Nj\u00ebsia Rajonale e Komunikacionit  Rrugor DRP-Pej\u00eb.<\/p>\n<hr style=\"margin:30px 0\"\/>\n<p style=\"font-size:13px;color:#666\">Burimi: <strong>mesazhi<\/strong><\/p>\n","protected":false},"excerpt":{"rendered":"<p>Nj\u00eb aksident i r\u00ebnd\u00eb trafiku ka ndodhur rreth or\u00ebs 00:02 pas mesnate n\u00eb fshatin C\u00ebrrc\u00eb. N\u00eb aksident ja p\u00ebrfshir\u00eb 2 persona dhe jan\u00eb l\u00ebnduar 3 persona ku nj\u00ebri nga ta ka humbur jet\u00ebn Lidhur m\u00eb k\u00ebt\u00eb kan\u00eb folur nga Policia e Kosov\u00ebs. \u201cSot rreth or\u00ebs 00:02, Policia \u00ebsht\u00eb njoftuar p\u00ebr nj\u00eb aksident trafiku i cili [&hellip;]<\/p>\n","protected":false},"author":1,"featured_media":109453,"comment_status":"open","ping_status":"open","sticky":false,"template":"","format":"standard","meta":{"footnotes":""},"categories":[14],"tags":[3803],"class_list":["post-117325","post","type-post","status-publish","format-standard","has-post-thumbnail","hentry","category-kombetare","tag-aktuale"],"_links":{"self":[{"href":"https:\/\/prizrenpost.com\/al\/wp-json\/wp\/v2\/posts\/117325","targetHints":{"allow":["GET"]}}],"collection":[{"href":"https:\/\/prizrenpost.com\/al\/wp-json\/wp\/v2\/posts"}],"about":[{"href":"https:\/\/prizrenpost.com\/al\/wp-json\/wp\/v2\/types\/post"}],"author":[{"embeddable":true,"href":"https:\/\/prizrenpost.com\/al\/wp-json\/wp\/v2\/users\/1"}],"replies":[{"embeddable":true,"href":"https:\/\/prizrenpost.com\/al\/wp-json\/wp\/v2\/comments?post=117325"}],"version-history":[{"count":0,"href":"https:\/\/prizrenpost.com\/al\/wp-json\/wp\/v2\/posts\/117325\/revisions"}],"wp:featuredmedia":[{"embeddable":true,"href":"https:\/\/prizrenpost.com\/al\/wp-json\/wp\/v2\/media\/109453"}],"wp:attachment":[{"href":"https:\/\/prizrenpost.com\/al\/wp-json\/wp\/v2\/media?parent=117325"}],"wp:term":[{"taxonomy":"category","embeddable":true,"href":"https:\/\/prizrenpost.com\/al\/wp-json\/wp\/v2\/categories?post=117325"},{"taxonomy":"post_tag","embeddable":true,"href":"https:\/\/prizrenpost.com\/al\/wp-json\/wp\/v2\/tags?post=117325"}],"curies":[{"name":"wp","href":"https:\/\/api.w.org\/{rel}","templated":true}]}}