{"id":117341,"date":"2026-09-01T14:05:18","date_gmt":"2026-09-01T11:05:18","guid":{"rendered":"https:\/\/prizrenpost.com\/al\/hamza-nuk-e-votojme-bekim-sejdiun-per-president-sjemi-pjese-e-marreveshjes\/"},"modified":"2026-09-01T14:05:18","modified_gmt":"2026-09-01T11:05:18","slug":"hamza-nuk-e-votojme-bekim-sejdiun-per-president-sjemi-pjese-e-marreveshjes","status":"publish","type":"post","link":"https:\/\/prizrenpost.com\/al\/hamza-nuk-e-votojme-bekim-sejdiun-per-president-sjemi-pjese-e-marreveshjes\/","title":{"rendered":"Hamza: Nuk e votojm\u00eb Bekim Sejdiun p\u00ebr president, s\u2019jemi pjes\u00eb e marr\u00ebveshjes"},"content":{"rendered":"<figure class=\"post-featured-image\"><img decoding=\"async\" src=\"https:\/\/prizrenpost.com\/al\/wp-content\/uploads\/2026\/05\/prizrenpost-og.png\" alt=\"Hamza: Nuk e votojm\u00eb Bekim Sejdiun p\u00ebr president, s\u2019jemi pjes\u00eb e marr\u00ebveshjes\"\/><\/figure>\n<p>N\u00ebse Bekim Sejdiu zgjidhet president, duhet t\u00eb jet\u00eb unifikues, por fillimet nuk i ka t\u00eb mira, ka th\u00ebn\u00eb kryetari i Partis\u00eb Demokratike t\u00eb Kosov\u00ebs, Bedri Hamza.<\/p>\n<p>Ai p\u00ebr KosovaPress theksoi se PDK-ja nuk ka vot\u00eb p\u00ebr kandidatin e propozuar nga L\u00ebvizja Vet\u00ebvendosje dhe Lidhja Demokratike e Kosov\u00ebs.<\/p>\n<p>\u201cNuk ka ndryshim t\u00eb q\u00ebndrimit. Q\u00ebndrimi i PDK-s\u00eb \u00ebsht\u00eb i qart\u00eb, nuk jemi pjes\u00eb e marr\u00ebveshjes dhe nuk e votojm\u00eb zot\u00ebrin\u00eb Sejdiu p\u00ebr president\u201d, tha ai.<\/p>\n<p>Sipas tij, Sejdiu deri tani nuk ka realizuar asnj\u00eb komunikim apo diskutim me PDK-n\u00eb p\u00ebr t\u00eb k\u00ebrkuar vot\u00eb p\u00ebr president.<\/p>\n<p>\u201cAsnj\u00eb komunikim. Asnj\u00eb diskutim nuk ka. Ai, n\u00ebse zgjidhet, duhet t\u00eb luaj\u00eb rolin e presidentit unifikues. Fillimet nuk jan\u00eb t\u00eb mira\u201d, theksoi Hamza.<\/p>\n<p>I pyetur se a pranon t\u00eb takohet me kandidatin p\u00ebr president nga LVV-LDK p\u00ebr t\u00eb marr\u00eb garanci se do t\u00eb jet\u00eb unifikues, Hamza tha se tani \u00ebsht\u00eb von\u00eb p\u00ebr nj\u00eb gj\u00eb t\u00eb till\u00eb.<\/p>\n<p>L\u00ebvizja Vet\u00ebvendosje dhe Lidhja Demokratike e Kosov\u00ebs jan\u00eb pajtuar m\u00eb 31 gusht p\u00ebr emrin e Bekim Sejdiut p\u00ebr president konsensual.<\/p>\n<p>Sot LDK-ja pritet t\u00eb diskutoj\u00eb emrin e tij n\u00eb strukturat e brendshme partiake, nd\u00ebrkaq dje disa figura, p\u00ebrfshir\u00eb Avdullah Hotin, kan\u00eb dal\u00eb kund\u00ebr emrit t\u00eb Bekim Sejdiut p\u00ebr president.<\/p>\n<p>Sipas LVV-s\u00eb, p\u00ebr shkak t\u00eb mosdakordimit p\u00ebr president, deri tani nuk \u00ebsht\u00eb konstituar Kuvendi i Kosov\u00ebs, pas zgjedhjeve parlamentare t\u00eb 7 qershorit.<\/p>\n<hr style=\"margin:30px 0\"\/>\n<p style=\"font-size:13px;color:#666\">Burimi: <strong>mesazhi<\/strong><\/p>\n","protected":false},"excerpt":{"rendered":"<p>N\u00ebse Bekim Sejdiu zgjidhet president, duhet t\u00eb jet\u00eb unifikues, por fillimet nuk i ka t\u00eb mira, ka th\u00ebn\u00eb kryetari i Partis\u00eb Demokratike t\u00eb Kosov\u00ebs, Bedri Hamza. Ai p\u00ebr KosovaPress theksoi se PDK-ja nuk ka vot\u00eb p\u00ebr kandidatin e propozuar nga L\u00ebvizja Vet\u00ebvendosje dhe Lidhja Demokratike e Kosov\u00ebs. \u201cNuk ka ndryshim t\u00eb q\u00ebndrimit. Q\u00ebndrimi i PDK-s\u00eb [&hellip;]<\/p>\n","protected":false},"author":1,"featured_media":109453,"comment_status":"open","ping_status":"open","sticky":false,"template":"","format":"standard","meta":{"footnotes":""},"categories":[14],"tags":[3803],"class_list":["post-117341","post","type-post","status-publish","format-standard","has-post-thumbnail","hentry","category-kombetare","tag-aktuale"],"_links":{"self":[{"href":"https:\/\/prizrenpost.com\/al\/wp-json\/wp\/v2\/posts\/117341","targetHints":{"allow":["GET"]}}],"collection":[{"href":"https:\/\/prizrenpost.com\/al\/wp-json\/wp\/v2\/posts"}],"about":[{"href":"https:\/\/prizrenpost.com\/al\/wp-json\/wp\/v2\/types\/post"}],"author":[{"embeddable":true,"href":"https:\/\/prizrenpost.com\/al\/wp-json\/wp\/v2\/users\/1"}],"replies":[{"embeddable":true,"href":"https:\/\/prizrenpost.com\/al\/wp-json\/wp\/v2\/comments?post=117341"}],"version-history":[{"count":0,"href":"https:\/\/prizrenpost.com\/al\/wp-json\/wp\/v2\/posts\/117341\/revisions"}],"wp:featuredmedia":[{"embeddable":true,"href":"https:\/\/prizrenpost.com\/al\/wp-json\/wp\/v2\/media\/109453"}],"wp:attachment":[{"href":"https:\/\/prizrenpost.com\/al\/wp-json\/wp\/v2\/media?parent=117341"}],"wp:term":[{"taxonomy":"category","embeddable":true,"href":"https:\/\/prizrenpost.com\/al\/wp-json\/wp\/v2\/categories?post=117341"},{"taxonomy":"post_tag","embeddable":true,"href":"https:\/\/prizrenpost.com\/al\/wp-json\/wp\/v2\/tags?post=117341"}],"curies":[{"name":"wp","href":"https:\/\/api.w.org\/{rel}","templated":true}]}}