{"id":117346,"date":"2026-09-02T09:00:20","date_gmt":"2026-09-02T06:00:20","guid":{"rendered":"https:\/\/prizrenpost.com\/al\/kurti-paralajmeron-takim-te-ri-me-abdixhikun-duhet-te-diskutojme-rrugen-perpara\/"},"modified":"2026-09-02T09:00:20","modified_gmt":"2026-09-02T06:00:20","slug":"kurti-paralajmeron-takim-te-ri-me-abdixhikun-duhet-te-diskutojme-rrugen-perpara","status":"publish","type":"post","link":"https:\/\/prizrenpost.com\/al\/kurti-paralajmeron-takim-te-ri-me-abdixhikun-duhet-te-diskutojme-rrugen-perpara\/","title":{"rendered":"Kurti paralajm\u00ebron takim t\u00eb ri me Abdixhikun: Duhet t\u00eb diskutojm\u00eb rrug\u00ebn p\u00ebrpara"},"content":{"rendered":"<figure class=\"post-featured-image\"><img decoding=\"async\" src=\"https:\/\/prizrenpost.com\/al\/wp-content\/uploads\/2026\/05\/prizrenpost-og.png\" alt=\"Kurti paralajm\u00ebron takim t\u00eb ri me Abdixhikun: Duhet t\u00eb diskutojm\u00eb rrug\u00ebn p\u00ebrpara\"\/><\/figure>\n<p>Kryetari i L\u00ebvizjes Vet\u00ebvendosje, Albin Kurti, ka b\u00ebr\u00eb t\u00eb ditur se pas zhvillimeve t\u00eb fundit do t\u00eb duhet t\u00eb zhvillohet nj\u00eb takim i ri me kryetarin e LDK-s\u00eb, Lumir Abdixhiku.<\/p>\n<p>Kurti tha se marr\u00ebveshja politike mes VV-s\u00eb dhe LDK-s\u00eb vazhdon t\u00eb jet\u00eb n\u00eb fuqi, nd\u00ebrsa tashm\u00eb duhet t\u00eb diskutohet se si do t\u00eb procedohet m\u00eb tej.<\/p>\n<p>\u201cDuhet ta gjejm\u00eb rrug\u00ebn p\u00ebrpara\u201d, tha Kurti.<\/p>\n<p>Ai b\u00ebri t\u00eb ditur se \u00e7\u00ebshtja do t\u00eb rikthehet edhe n\u00eb strukturat e Vet\u00ebvendosjes p\u00ebr t\u00eb diskutuar hapat e ardhsh\u00ebm.<\/p>\n<p>Kurti tha se negociatat me LDK-n\u00eb kan\u00eb qen\u00eb nj\u00eb proces i gjat\u00eb dhe se ekipi negociator i Vet\u00ebvendosjes ka punuar p\u00ebr arritjen e nj\u00eb marr\u00ebveshjeje.<\/p>\n<hr style=\"margin:30px 0\"\/>\n<p style=\"font-size:13px;color:#666\">Burimi: <strong>mesazhi<\/strong><\/p>\n","protected":false},"excerpt":{"rendered":"<p>Kryetari i L\u00ebvizjes Vet\u00ebvendosje, Albin Kurti, ka b\u00ebr\u00eb t\u00eb ditur se pas zhvillimeve t\u00eb fundit do t\u00eb duhet t\u00eb zhvillohet nj\u00eb takim i ri me kryetarin e LDK-s\u00eb, Lumir Abdixhiku. Kurti tha se marr\u00ebveshja politike mes VV-s\u00eb dhe LDK-s\u00eb vazhdon t\u00eb jet\u00eb n\u00eb fuqi, nd\u00ebrsa tashm\u00eb duhet t\u00eb diskutohet se si do t\u00eb procedohet m\u00eb [&hellip;]<\/p>\n","protected":false},"author":1,"featured_media":109453,"comment_status":"open","ping_status":"open","sticky":false,"template":"","format":"standard","meta":{"footnotes":""},"categories":[14],"tags":[3803],"class_list":["post-117346","post","type-post","status-publish","format-standard","has-post-thumbnail","hentry","category-kombetare","tag-aktuale"],"_links":{"self":[{"href":"https:\/\/prizrenpost.com\/al\/wp-json\/wp\/v2\/posts\/117346","targetHints":{"allow":["GET"]}}],"collection":[{"href":"https:\/\/prizrenpost.com\/al\/wp-json\/wp\/v2\/posts"}],"about":[{"href":"https:\/\/prizrenpost.com\/al\/wp-json\/wp\/v2\/types\/post"}],"author":[{"embeddable":true,"href":"https:\/\/prizrenpost.com\/al\/wp-json\/wp\/v2\/users\/1"}],"replies":[{"embeddable":true,"href":"https:\/\/prizrenpost.com\/al\/wp-json\/wp\/v2\/comments?post=117346"}],"version-history":[{"count":0,"href":"https:\/\/prizrenpost.com\/al\/wp-json\/wp\/v2\/posts\/117346\/revisions"}],"wp:featuredmedia":[{"embeddable":true,"href":"https:\/\/prizrenpost.com\/al\/wp-json\/wp\/v2\/media\/109453"}],"wp:attachment":[{"href":"https:\/\/prizrenpost.com\/al\/wp-json\/wp\/v2\/media?parent=117346"}],"wp:term":[{"taxonomy":"category","embeddable":true,"href":"https:\/\/prizrenpost.com\/al\/wp-json\/wp\/v2\/categories?post=117346"},{"taxonomy":"post_tag","embeddable":true,"href":"https:\/\/prizrenpost.com\/al\/wp-json\/wp\/v2\/tags?post=117346"}],"curies":[{"name":"wp","href":"https:\/\/api.w.org\/{rel}","templated":true}]}}