{"id":117352,"date":"2026-09-02T11:55:20","date_gmt":"2026-09-02T08:55:20","guid":{"rendered":"https:\/\/prizrenpost.com\/al\/svecla-shpallet-fajtor-per-hedhjen-e-gazit-lotsjelles-ne-kuvend\/"},"modified":"2026-09-02T11:55:20","modified_gmt":"2026-09-02T08:55:20","slug":"svecla-shpallet-fajtor-per-hedhjen-e-gazit-lotsjelles-ne-kuvend","status":"publish","type":"post","link":"https:\/\/prizrenpost.com\/al\/svecla-shpallet-fajtor-per-hedhjen-e-gazit-lotsjelles-ne-kuvend\/","title":{"rendered":"Sve\u00e7la shpallet fajtor p\u00ebr hedhjen e gazit lotsjell\u00ebs n\u00eb Kuvend"},"content":{"rendered":"<figure class=\"post-featured-image\"><img decoding=\"async\" src=\"https:\/\/prizrenpost.com\/al\/wp-content\/uploads\/2026\/09\/svecla.jpg\" alt=\"Sve\u00e7la shpallet fajtor p\u00ebr hedhjen e gazit lotsjell\u00ebs n\u00eb Kuvend\"\/><\/figure>\n<p>Gjykata Themelore n\u00eb Prishtin\u00eb e ka shpallur fajtor ministrin n\u00eb detyr\u00eb t\u00eb Pun\u00ebve t\u00eb Brendshme, Xhelal Sve\u00e7la, p\u00ebr hedhjen e gazit lotsjell\u00ebs n\u00eb Kuvend m\u00eb 21 mars 2018.<\/p>\n<p>Sve\u00e7la u shpall fajtor p\u00ebr vepr\u00ebn penale \u201cP\u00ebrdorimi i arm\u00ebs apo mjetit t\u00eb rreziksh\u00ebm\u201d.<\/p>\n<p>Nd\u00ebrkaq, p\u00ebr vepr\u00ebn \u201cPengimi i personit zyrtar n\u00eb kryerjen e detyrave zyrtare\u201d, gjykata ka marr\u00eb aktgjykim refuzues p\u00ebr shkak t\u00eb parashkrimit.<\/p>\n<p>Kryetari i trupit gjykues, Sabit Sadikaj, tha se Sve\u00e7la \u00ebsht\u00eb shpallur fajtor pasi kishte p\u00ebrdorur bombol\u00ebn e gazit lotsjell\u00ebs n\u00eb sall\u00ebn e Kuvendit, duke pamund\u00ebsuar vazhdimin e seanc\u00ebs.<\/p>\n<p>\u201c\u00cbsht\u00eb fajtor sepse m\u00eb 21 gusht 2018 n\u00eb Prishtin\u00eb, n\u00eb sall\u00ebn e Kuvendit, gjat\u00eb mbajtjes s\u00eb seanc\u00ebs, ka p\u00ebrdorur bombol\u00ebn e gazit, duke pamund\u00ebsuar mbajtjen e seanc\u00ebs. E ka aktivizuar q\u00eb t\u00eb hidhet brenda, me \u00e7ka deputet\u00ebt e Kosov\u00ebs jan\u00eb detyruar t\u00eb l\u00ebshojn\u00eb sall\u00ebn\u201d, tha Sadikaj.<\/p>\n<p>Ai b\u00ebri t\u00eb ditur se gjykata t\u00eb m\u00ebrkur\u00ebn ka shpallur vet\u00ebm aktgjykimin p\u00ebr faj\u00ebsin\u00eb, nd\u00ebrsa vendimi p\u00ebr d\u00ebnimin do t\u00eb merret m\u00eb 8 shtator, nga ora 09:00, pas paraqitjes s\u00eb rrethanave leht\u00ebsuese dhe r\u00ebnduese.<\/p>\n<p>Sve\u00e7la nuk ishte i pranish\u00ebm n\u00eb seanc\u00eb, nd\u00ebrsa u p\u00ebrfaq\u00ebsua nga avokati i tij, Laur Prenaj.<\/p>\n<p>N\u00eb k\u00ebt\u00eb rast akuzohen edhe Fitore Pacolli-Dalipi, Salih Zyba dhe Drita Millaku, nd\u00ebrsa procedura ndaj Sve\u00e7l\u00ebs ishte ve\u00e7uar nga ajo ndaj t\u00eb akuzuarve t\u00eb tjer\u00eb.<\/p>\n<p>Sipas aktakuz\u00ebs s\u00eb ndryshuar, Sve\u00e7la m\u00eb 21 mars 2018 kishte aktivizuar dhe hedhur bombol\u00ebn e gazit lotsjell\u00ebs me agjent kimik CS n\u00eb sall\u00ebn e Kuvendit, duke shkaktuar nd\u00ebrprerjen e seanc\u00ebs.<\/p>\n<p>Prokuroria ka hequr dor\u00eb nga ndjekja penale p\u00ebr vepr\u00ebn \u201cPengimi i personit zyrtar n\u00eb kryerjen e detyrave zyrtare\u201d, p\u00ebr shkak t\u00eb parashkrimit, nd\u00ebrsa pjesa tjet\u00ebr e aktakuz\u00ebs ka mbetur e pandryshuar.<\/p>\n<hr style=\"margin:30px 0\"\/>\n<p style=\"font-size:13px;color:#666\">Burimi: <strong>mesazhi<\/strong><\/p>\n","protected":false},"excerpt":{"rendered":"<p>Gjykata Themelore n\u00eb Prishtin\u00eb e ka shpallur fajtor ministrin n\u00eb detyr\u00eb t\u00eb Pun\u00ebve t\u00eb Brendshme, Xhelal Sve\u00e7la, p\u00ebr hedhjen e gazit lotsjell\u00ebs n\u00eb Kuvend m\u00eb 21 mars 2018. Sve\u00e7la u shpall fajtor p\u00ebr vepr\u00ebn penale \u201cP\u00ebrdorimi i arm\u00ebs apo mjetit t\u00eb rreziksh\u00ebm\u201d. Nd\u00ebrkaq, p\u00ebr vepr\u00ebn \u201cPengimi i personit zyrtar n\u00eb kryerjen e detyrave zyrtare\u201d, gjykata [&hellip;]<\/p>\n","protected":false},"author":1,"featured_media":117351,"comment_status":"open","ping_status":"open","sticky":false,"template":"","format":"standard","meta":{"footnotes":""},"categories":[14],"tags":[3803],"class_list":["post-117352","post","type-post","status-publish","format-standard","has-post-thumbnail","hentry","category-kombetare","tag-aktuale"],"_links":{"self":[{"href":"https:\/\/prizrenpost.com\/al\/wp-json\/wp\/v2\/posts\/117352","targetHints":{"allow":["GET"]}}],"collection":[{"href":"https:\/\/prizrenpost.com\/al\/wp-json\/wp\/v2\/posts"}],"about":[{"href":"https:\/\/prizrenpost.com\/al\/wp-json\/wp\/v2\/types\/post"}],"author":[{"embeddable":true,"href":"https:\/\/prizrenpost.com\/al\/wp-json\/wp\/v2\/users\/1"}],"replies":[{"embeddable":true,"href":"https:\/\/prizrenpost.com\/al\/wp-json\/wp\/v2\/comments?post=117352"}],"version-history":[{"count":0,"href":"https:\/\/prizrenpost.com\/al\/wp-json\/wp\/v2\/posts\/117352\/revisions"}],"wp:featuredmedia":[{"embeddable":true,"href":"https:\/\/prizrenpost.com\/al\/wp-json\/wp\/v2\/media\/117351"}],"wp:attachment":[{"href":"https:\/\/prizrenpost.com\/al\/wp-json\/wp\/v2\/media?parent=117352"}],"wp:term":[{"taxonomy":"category","embeddable":true,"href":"https:\/\/prizrenpost.com\/al\/wp-json\/wp\/v2\/categories?post=117352"},{"taxonomy":"post_tag","embeddable":true,"href":"https:\/\/prizrenpost.com\/al\/wp-json\/wp\/v2\/tags?post=117352"}],"curies":[{"name":"wp","href":"https:\/\/api.w.org\/{rel}","templated":true}]}}