{"id":117363,"date":"2026-09-02T19:45:20","date_gmt":"2026-09-02T16:45:20","guid":{"rendered":"https:\/\/prizrenpost.com\/al\/perfundon-takimi-kurti-nuk-deklarohet-abdixhiku-thote-se-vendi-po-shkon-drejt-zgjedhjeve\/"},"modified":"2026-09-02T19:45:20","modified_gmt":"2026-09-02T16:45:20","slug":"perfundon-takimi-kurti-nuk-deklarohet-abdixhiku-thote-se-vendi-po-shkon-drejt-zgjedhjeve","status":"publish","type":"post","link":"https:\/\/prizrenpost.com\/al\/perfundon-takimi-kurti-nuk-deklarohet-abdixhiku-thote-se-vendi-po-shkon-drejt-zgjedhjeve\/","title":{"rendered":"P\u00ebrfundon takimi, Kurti nuk deklarohet, Abdixhiku thot\u00eb se vendi po shkon drejt zgjedhjeve"},"content":{"rendered":"<figure class=\"post-featured-image\"><img decoding=\"async\" src=\"https:\/\/prizrenpost.com\/al\/wp-content\/uploads\/2026\/05\/prizrenpost-og.png\" alt=\"P\u00ebrfundon takimi, Kurti nuk deklarohet, Abdixhiku thot\u00eb se vendi po shkon drejt zgjedhjeve\"\/><\/figure>\n<p>Kryetari i Lidhjes Demokratike t\u00eb Kosov\u00ebs, Lumir Abdixhiku, ka folur p\u00ebr media pas p\u00ebrfundimit t\u00eb takimit me kryetarin e L\u00ebvizjes Vet\u00ebvendosje, Albin Kurti, i cili u zhvillua sot n\u00eb Kuvend.<\/p>\n<p>Abdixhiku ka th\u00ebn\u00eb se takimi ishte nj\u00eb njoftim i rregullt mes dy partive, pas zhvillimeve t\u00eb fundit politike dhe vendimeve t\u00eb marra brenda tyre.<\/p>\n<p>\u201c\u00cbsht\u00eb njoftim i rregullt. Pas zhvillimeve n\u00eb dy partit\u00eb, si\u00e7 e do rendi, kur kemi procese diskutuese duhet t\u00eb njoftojm\u00eb edhe zyrtarisht nj\u00ebri-tjetrin p\u00ebr vendimet partiake. At\u00eb q\u00eb ka ndodhur dje e njoftova zyrtarisht Kurtin, edhe ai p\u00ebr zhvillimet n\u00eb partin\u00eb e tij\u201d, ka th\u00ebn\u00eb Abdixhiku.<\/p>\n<p>I pyetur se \u00e7far\u00eb pritet t\u00eb ndodh\u00eb pas situat\u00ebs s\u00eb krijuar n\u00eb LDK, ku gjasht\u00eb deputet\u00eb kan\u00eb dal\u00eb kund\u00ebr votimit t\u00eb Bekim Sejdiut p\u00ebr president, Abdixhiku tha se tashm\u00eb duhet t\u00eb pyeten ata q\u00eb, sipas tij, kan\u00eb vendosur ta \u00e7ojn\u00eb vendin drejt nj\u00eb situate t\u00eb paqart\u00eb.<\/p>\n<p>\u201cTani duhet t\u2019i pyesni ata q\u00eb kan\u00eb vendosur ta d\u00ebrgojn\u00eb Kosov\u00ebn n\u00eb nj\u00eb gj\u00eb t\u00eb paqart\u00eb. Ne do t\u00eb p\u00ebrpiqemi t\u00eb kemi takim, por gjendja numerike \u00ebsht\u00eb kjo q\u00eb \u00ebsht\u00eb\u201d, u shpreh ai.<\/p>\n<p>Abdixhiku u pyet edhe n\u00ebse ekziston mund\u00ebsia q\u00eb t\u00eb gjendet nj\u00eb zgjidhje me Aleanc\u00ebn p\u00ebr Ardhm\u00ebrin\u00eb e Kosov\u00ebs (AAK), n\u00eb m\u00ebnyr\u00eb q\u00eb vendi t\u00eb mos shkoj\u00eb n\u00eb zgjedhje.<\/p>\n<p>\u201cJo, nuk \u00ebsht\u00eb pun\u00eb p\u00ebr mua. Un\u00eb jam p\u00ebrpjekur q\u00eb t\u00eb b\u00ebj zgjidhje. Nganj\u00ebher\u00eb \u00ebsht\u00eb mir\u00eb t\u00eb ndihmojn\u00eb n\u00eb zgjidhje. N\u00ebse distancohen edhe nuk marrin pjes\u00eb n\u00eb zgjidhje, at\u00ebher\u00eb vetvetiu po shkaktojn\u00eb zgjedhje t\u00eb parakohshme. K\u00ebshtu zbehet zgjidhja. Qeveria dhe \u00e7\u00ebshtja e presidentit duhet t\u00eb zgjidhen normalisht\u201d, tha Abdixhiku.<\/p>\n<p>Nd\u00ebrkaq, i pyetur drejtp\u00ebrdrejt n\u00ebse Kosova po shkon drejt zgjedhjeve, Abdixhiku tha se pozicionet e b\u00ebra publike po krijojn\u00eb nj\u00eb situat\u00eb ku nuk ka mund\u00ebsi t\u00eb mjaftueshme numerike p\u00ebr t\u00eb arritur nj\u00eb rezultat.<\/p>\n<p>\u201cFatkeq\u00ebsisht, sa po shoh, me pozicionet e b\u00ebra publike, ne po krijojm\u00eb nj\u00eb situat\u00eb pa mund\u00ebsi numerike p\u00ebr t\u00eb pasur nj\u00eb rezultat\u201d, deklaroi Abdixhiku.<\/p>\n<p>Deklaratat e tij vijn\u00eb pas zhvillimeve t\u00eb fundit rreth kandidatur\u00ebs s\u00eb Bekim Sejdiut p\u00ebr president dhe p\u00ebrpjekjeve p\u00ebr t\u00eb shmangur nj\u00eb kriz\u00eb t\u00eb re politike dhe mund\u00ebsin\u00eb e zgjedhjeve t\u00eb parakohshme.<\/p>\n<hr style=\"margin:30px 0\"\/>\n<p style=\"font-size:13px;color:#666\">Burimi: <strong>mesazhi<\/strong><\/p>\n","protected":false},"excerpt":{"rendered":"<p>Kryetari i Lidhjes Demokratike t\u00eb Kosov\u00ebs, Lumir Abdixhiku, ka folur p\u00ebr media pas p\u00ebrfundimit t\u00eb takimit me kryetarin e L\u00ebvizjes Vet\u00ebvendosje, Albin Kurti, i cili u zhvillua sot n\u00eb Kuvend. Abdixhiku ka th\u00ebn\u00eb se takimi ishte nj\u00eb njoftim i rregullt mes dy partive, pas zhvillimeve t\u00eb fundit politike dhe vendimeve t\u00eb marra brenda tyre. \u201c\u00cbsht\u00eb [&hellip;]<\/p>\n","protected":false},"author":1,"featured_media":109453,"comment_status":"open","ping_status":"open","sticky":false,"template":"","format":"standard","meta":{"footnotes":""},"categories":[14],"tags":[3803],"class_list":["post-117363","post","type-post","status-publish","format-standard","has-post-thumbnail","hentry","category-kombetare","tag-aktuale"],"_links":{"self":[{"href":"https:\/\/prizrenpost.com\/al\/wp-json\/wp\/v2\/posts\/117363","targetHints":{"allow":["GET"]}}],"collection":[{"href":"https:\/\/prizrenpost.com\/al\/wp-json\/wp\/v2\/posts"}],"about":[{"href":"https:\/\/prizrenpost.com\/al\/wp-json\/wp\/v2\/types\/post"}],"author":[{"embeddable":true,"href":"https:\/\/prizrenpost.com\/al\/wp-json\/wp\/v2\/users\/1"}],"replies":[{"embeddable":true,"href":"https:\/\/prizrenpost.com\/al\/wp-json\/wp\/v2\/comments?post=117363"}],"version-history":[{"count":0,"href":"https:\/\/prizrenpost.com\/al\/wp-json\/wp\/v2\/posts\/117363\/revisions"}],"wp:featuredmedia":[{"embeddable":true,"href":"https:\/\/prizrenpost.com\/al\/wp-json\/wp\/v2\/media\/109453"}],"wp:attachment":[{"href":"https:\/\/prizrenpost.com\/al\/wp-json\/wp\/v2\/media?parent=117363"}],"wp:term":[{"taxonomy":"category","embeddable":true,"href":"https:\/\/prizrenpost.com\/al\/wp-json\/wp\/v2\/categories?post=117363"},{"taxonomy":"post_tag","embeddable":true,"href":"https:\/\/prizrenpost.com\/al\/wp-json\/wp\/v2\/tags?post=117363"}],"curies":[{"name":"wp","href":"https:\/\/api.w.org\/{rel}","templated":true}]}}