{"id":117365,"date":"2026-09-03T09:20:19","date_gmt":"2026-09-03T06:20:19","guid":{"rendered":"https:\/\/prizrenpost.com\/al\/shkollat-nisin-mesimin-pa-ditar-ministria-premton-zgjidhje-arsyetohet-se-angazhoi-operator-me-te-lire\/"},"modified":"2026-09-03T09:20:19","modified_gmt":"2026-09-03T06:20:19","slug":"shkollat-nisin-mesimin-pa-ditar-ministria-premton-zgjidhje-arsyetohet-se-angazhoi-operator-me-te-lire","status":"publish","type":"post","link":"https:\/\/prizrenpost.com\/al\/shkollat-nisin-mesimin-pa-ditar-ministria-premton-zgjidhje-arsyetohet-se-angazhoi-operator-me-te-lire\/","title":{"rendered":"Shkollat nisin m\u00ebsimin pa ditar, ministria premton zgjidhje, arsyetohet se angazhoi operator m\u00eb t\u00eb lir\u00eb"},"content":{"rendered":"<figure class=\"post-featured-image\"><img decoding=\"async\" src=\"https:\/\/prizrenpost.com\/al\/wp-content\/uploads\/2026\/09\/shkolla-696x398-696x398-696x350_1513367619-4431309-587x322-1.jpg\" alt=\"Shkollat nisin m\u00ebsimin pa ditar, ministria premton zgjidhje, arsyetohet se angazhoi operator m\u00eb t\u00eb lir\u00eb\"\/><\/figure>\n<p>N\u00eb raftet e m\u00ebsimdh\u00ebn\u00ebsve gjenden vet\u00ebm ditar\u00ebt e vjet\u00ebr.<\/p>\n<p>Kjo pasi ditar\u00ebt e vitit t\u00eb ri shkollor ende nuk u jan\u00eb dor\u00ebzuar shkollave n\u00eb vend.<\/p>\n<p>K\u00ebsisoj n\u00eb dit\u00ebn e par\u00eb dhe t\u00eb dyt\u00eb m\u00ebsuesit nuk pat\u00ebn ku t\u2019i shkruajn\u00eb or\u00ebt e mbajtur m\u00ebsimore e as t\u00eb evidentojn\u00eb mungesat e nx\u00ebn\u00ebsve.<\/p>\n<p>E kjo sipas drejtorit t\u00eb arsimit n\u00eb Komun\u00eb  e Prishtin\u00ebs, Arianit Elshanit  po v\u00ebshtir\u00ebson mbar\u00ebvajtjen  procesin m\u00ebsimor.<\/p>\n<p>\u201cAktualisht por raportohet edhe munges\u00eb t\u00eb nx\u00ebn\u00ebsve n\u00eb or\u00ebt e shkollave meqen\u00ebse mungesat nuk raportohen, prandaj jemi duke nd\u00ebrmarr\u00eb veprime q\u00eb m\u00ebsimdh\u00ebn\u00ebsit t\u00eb ken\u00eb nj\u00eb list\u00eb para vet\u00ebs dhe t\u00eb evidentojn\u00eb mungesat e nx\u00ebn\u00ebsve n\u00eb kuad\u00ebr t\u00eb klasave. Kjo pun\u00eb \u00ebsht\u00eb si me shku nj\u00eb person n\u00eb zyre dhe mos me i pas mjetet e veta t\u00eb pun\u00eb. Efekti i par\u00eb \u00ebsht\u00eb tek serioziteti i m\u00ebsimdh\u00ebn\u00ebsit n\u00eb raport me nx\u00ebn\u00ebsin pastaj edh e \u00e7\u00ebshtja e vler\u00ebsimit dhe raportimi t\u00eb mungesave t\u00eb nx\u00ebn\u00ebsve\u201d, ka deklaruar drejtori i arsimit n\u00eb Komun\u00eb  e Prishtin\u00ebs, Arianit Elshani .<\/p>\n<p>E nga Sindikata e Bashkuar e Arsimit kan\u00eb th\u00ebn\u00eb se kjo nuk \u00ebsht\u00eb hera e par\u00eb q\u00eb ndodhin vonesa t\u00eb tilla.<\/p>\n<p>\u201cKjo dukuri nuk \u00ebsht\u00eb q\u00eb nuk ka ndodhur edhe n\u00eb vitet e m\u00ebparshme \u00ebsht\u00eb dukuri  q\u00eb ka ndodhur edhe k\u00ebt\u00eb vit. Sipas informacioneve q\u00eb kemi \u00ebsht\u00eb nd\u00ebrruar operatori i furnizimi me ditar. Ditari \u00ebsht\u00eb nj\u00eb mjet i cili eviton pun\u00ebn q\u00eb e ka kry gjat\u00eb dit\u00ebs i grumbullohen ndoshta pak pun\u00ebt dhe nuk mundet me regjistrua as or\u00ebn q\u00eb po bene as me evidentu emrat e nx\u00ebn\u00ebsve\u201d, u shpreh Ymeri nga SBASHK-u<\/p>\n<p>N\u00eb nj\u00eb p\u00ebrgjigje p\u00ebr T\u00ebv\u00eb1, ministria e arsimit ka treguar disa nga arsyet q\u00eb kan\u00eb d\u00ebrguar deri tek vonesa e pajisjes s\u00eb shkollave me ditar\u00eb.<\/p>\n<p>\u201cMinistria e Arsimit dhe Shkenc\u00ebs dhe komunat kan\u00eb p\u00ebrmbushur detyrimet procedurale p\u00ebr sigurimin e dokumentacionit shkollor p\u00ebr institucionet e arsimit parauniversitar, p\u00ebrfshir\u00eb edhe librin e klas\u00ebs (ditarin) dhe dokumentacionin tjet\u00ebr shkollor. Si rezultat, nga ky vit shkollor, kemi nj\u00eb operator t\u00eb ri me \u00e7mime ndjesh\u00ebm m\u00eb t\u00eb ul\u00ebta se deri tani. Operatori i p\u00ebrzgjedhur na ka njoftuar se p\u00ebr shkaqe operative ka disa vonesa, por edhe \u00ebsht\u00eb zotuar se po angazhohet maksimalisht q\u00eb shp\u00ebrndarja e ditar\u00ebve dhe dokumentacioneve tjera shkollore do t\u00eb nis\u00eb sa m\u00eb par\u00eb\u201d, kan\u00eb th\u00ebn\u00eb nga ministria e arsimit p\u00ebr T\u00ebv\u00eb1.<\/p>\n<p>N\u00eb lidhjet me vonesat e dokumentacioneve shkollore p\u00ebrmes nj\u00eb reagimi kan\u00eb shprehur shqet\u00ebsime edhe Asociacioni i Komunave t\u00eb Kosov\u00ebs t\u00eb cil\u00ebt kan\u00eb k\u00ebrkuar nga Ministria q\u00eb urgjentisht t\u00eb p\u00ebrmbush\u00eb obligimet e saj.<\/p>\n<hr style=\"margin:30px 0\"\/>\n<p style=\"font-size:13px;color:#666\">Burimi: <strong>mesazhi<\/strong><\/p>\n","protected":false},"excerpt":{"rendered":"<p>N\u00eb raftet e m\u00ebsimdh\u00ebn\u00ebsve gjenden vet\u00ebm ditar\u00ebt e vjet\u00ebr. Kjo pasi ditar\u00ebt e vitit t\u00eb ri shkollor ende nuk u jan\u00eb dor\u00ebzuar shkollave n\u00eb vend. K\u00ebsisoj n\u00eb dit\u00ebn e par\u00eb dhe t\u00eb dyt\u00eb m\u00ebsuesit nuk pat\u00ebn ku t\u2019i shkruajn\u00eb or\u00ebt e mbajtur m\u00ebsimore e as t\u00eb evidentojn\u00eb mungesat e nx\u00ebn\u00ebsve. E kjo sipas drejtorit t\u00eb [&hellip;]<\/p>\n","protected":false},"author":1,"featured_media":117364,"comment_status":"open","ping_status":"open","sticky":false,"template":"","format":"standard","meta":{"footnotes":""},"categories":[14],"tags":[3803],"class_list":["post-117365","post","type-post","status-publish","format-standard","has-post-thumbnail","hentry","category-kombetare","tag-aktuale"],"_links":{"self":[{"href":"https:\/\/prizrenpost.com\/al\/wp-json\/wp\/v2\/posts\/117365","targetHints":{"allow":["GET"]}}],"collection":[{"href":"https:\/\/prizrenpost.com\/al\/wp-json\/wp\/v2\/posts"}],"about":[{"href":"https:\/\/prizrenpost.com\/al\/wp-json\/wp\/v2\/types\/post"}],"author":[{"embeddable":true,"href":"https:\/\/prizrenpost.com\/al\/wp-json\/wp\/v2\/users\/1"}],"replies":[{"embeddable":true,"href":"https:\/\/prizrenpost.com\/al\/wp-json\/wp\/v2\/comments?post=117365"}],"version-history":[{"count":0,"href":"https:\/\/prizrenpost.com\/al\/wp-json\/wp\/v2\/posts\/117365\/revisions"}],"wp:featuredmedia":[{"embeddable":true,"href":"https:\/\/prizrenpost.com\/al\/wp-json\/wp\/v2\/media\/117364"}],"wp:attachment":[{"href":"https:\/\/prizrenpost.com\/al\/wp-json\/wp\/v2\/media?parent=117365"}],"wp:term":[{"taxonomy":"category","embeddable":true,"href":"https:\/\/prizrenpost.com\/al\/wp-json\/wp\/v2\/categories?post=117365"},{"taxonomy":"post_tag","embeddable":true,"href":"https:\/\/prizrenpost.com\/al\/wp-json\/wp\/v2\/tags?post=117365"}],"curies":[{"name":"wp","href":"https:\/\/api.w.org\/{rel}","templated":true}]}}