{"id":117374,"date":"2026-09-03T19:15:22","date_gmt":"2026-09-03T16:15:22","guid":{"rendered":"https:\/\/prizrenpost.com\/al\/arrestohet-nje-i-dyshuar-per-krime-lufte-ne-zubin-potok\/"},"modified":"2026-09-03T19:15:22","modified_gmt":"2026-09-03T16:15:22","slug":"arrestohet-nje-i-dyshuar-per-krime-lufte-ne-zubin-potok","status":"publish","type":"post","link":"https:\/\/prizrenpost.com\/al\/arrestohet-nje-i-dyshuar-per-krime-lufte-ne-zubin-potok\/","title":{"rendered":"Arrestohet nj\u00eb i dyshuar p\u00ebr krime lufte n\u00eb Zubin-Potok"},"content":{"rendered":"<figure class=\"post-featured-image\"><img decoding=\"async\" src=\"https:\/\/prizrenpost.com\/al\/wp-content\/uploads\/2026\/05\/prizrenpost-og.png\" alt=\"Arrestohet nj\u00eb i dyshuar p\u00ebr krime lufte n\u00eb Zubin-Potok\"\/><\/figure>\n<p>Nj\u00eb person \u00ebsht\u00eb arrestuar p\u00ebr krime lufte n\u00eb Zubin-Potok.<\/p>\n<p>N\u00eb kuad\u00ebr t\u00eb hetimeve q\u00eb jan\u00eb duke u zhvilluar lidhur me rastin p\u00ebr krime lufte n\u00eb Zubin Potok, t\u00eb enjten, me urdh\u00ebr t\u00eb Prokuroris\u00eb Speciale t\u00eb Republik\u00ebs s\u00eb Kosov\u00ebs (PSRK), hetuesit nga Drejtoria p\u00ebr hetimin e Krimeve t\u00eb Luft\u00ebs kan\u00eb arrestuar nj\u00eb person t\u00eb dyshuar.<\/p>\n<p>R.K. \u00ebsht\u00eb arrestuar n\u00ebn dyshimin p\u00ebr kryerjen e vepr\u00ebs penale \u201cKrime lufte kund\u00ebr popullsis\u00eb civile\u201d, dhe \u00ebsht\u00eb ndaluar p\u00ebr 48 or\u00eb, njofton Prokuroria Speciale.<\/p>\n<p>Brenda afatit ligjor t\u00eb p\u00ebrcaktuar me Kodin e Procedur\u00ebs Penale, PSRK- ja do t\u00eb parashtroj\u00eb k\u00ebrkes\u00eb p\u00ebr caktimin e mas\u00ebs s\u00eb paraburgimit n\u00eb Gjykat\u00ebn Themelore n\u00eb Prishtin\u00eb, nd\u00ebrsa, n\u00eb koordinim me hetuesit policor\u00eb, do t\u00eb vazhdoj\u00eb nd\u00ebrmarrjen e veprimeve t\u00eb nevojshme hetimore.<\/p>\n<p>Prokuroria Speciale dhe Policia e Kosov\u00ebs riafirmojn\u00eb angazhimin n\u00eb hetimin dhe ndjekjen penale t\u00eb t\u00eb gjith\u00eb kryer\u00ebsve t\u00eb mundsh\u00ebm t\u00eb krimeve t\u00eb kryera gjat\u00eb luft\u00ebs n\u00eb Kosov\u00eb.<\/p>\n<hr style=\"margin:30px 0\"\/>\n<p style=\"font-size:13px;color:#666\">Burimi: <strong>mesazhi<\/strong><\/p>\n","protected":false},"excerpt":{"rendered":"<p>Nj\u00eb person \u00ebsht\u00eb arrestuar p\u00ebr krime lufte n\u00eb Zubin-Potok. N\u00eb kuad\u00ebr t\u00eb hetimeve q\u00eb jan\u00eb duke u zhvilluar lidhur me rastin p\u00ebr krime lufte n\u00eb Zubin Potok, t\u00eb enjten, me urdh\u00ebr t\u00eb Prokuroris\u00eb Speciale t\u00eb Republik\u00ebs s\u00eb Kosov\u00ebs (PSRK), hetuesit nga Drejtoria p\u00ebr hetimin e Krimeve t\u00eb Luft\u00ebs kan\u00eb arrestuar nj\u00eb person t\u00eb dyshuar. R.K. [&hellip;]<\/p>\n","protected":false},"author":1,"featured_media":109453,"comment_status":"open","ping_status":"open","sticky":false,"template":"","format":"standard","meta":{"footnotes":""},"categories":[14],"tags":[3803],"class_list":["post-117374","post","type-post","status-publish","format-standard","has-post-thumbnail","hentry","category-kombetare","tag-aktuale"],"_links":{"self":[{"href":"https:\/\/prizrenpost.com\/al\/wp-json\/wp\/v2\/posts\/117374","targetHints":{"allow":["GET"]}}],"collection":[{"href":"https:\/\/prizrenpost.com\/al\/wp-json\/wp\/v2\/posts"}],"about":[{"href":"https:\/\/prizrenpost.com\/al\/wp-json\/wp\/v2\/types\/post"}],"author":[{"embeddable":true,"href":"https:\/\/prizrenpost.com\/al\/wp-json\/wp\/v2\/users\/1"}],"replies":[{"embeddable":true,"href":"https:\/\/prizrenpost.com\/al\/wp-json\/wp\/v2\/comments?post=117374"}],"version-history":[{"count":0,"href":"https:\/\/prizrenpost.com\/al\/wp-json\/wp\/v2\/posts\/117374\/revisions"}],"wp:featuredmedia":[{"embeddable":true,"href":"https:\/\/prizrenpost.com\/al\/wp-json\/wp\/v2\/media\/109453"}],"wp:attachment":[{"href":"https:\/\/prizrenpost.com\/al\/wp-json\/wp\/v2\/media?parent=117374"}],"wp:term":[{"taxonomy":"category","embeddable":true,"href":"https:\/\/prizrenpost.com\/al\/wp-json\/wp\/v2\/categories?post=117374"},{"taxonomy":"post_tag","embeddable":true,"href":"https:\/\/prizrenpost.com\/al\/wp-json\/wp\/v2\/tags?post=117374"}],"curies":[{"name":"wp","href":"https:\/\/api.w.org\/{rel}","templated":true}]}}