{"id":12014,"date":"2015-01-15T16:13:29","date_gmt":"2015-01-15T15:13:29","guid":{"rendered":"http:\/\/prizrenpost.com\/al\/?p=12014"},"modified":"2019-02-01T21:30:06","modified_gmt":"2019-02-01T20:30:06","slug":"limaj-mos-ti-harrojme-krimet-serbe-per-shfarrosjen-e-shqiptareve","status":"publish","type":"post","link":"https:\/\/prizrenpost.com\/al\/limaj-mos-ti-harrojme-krimet-serbe-per-shfarrosjen-e-shqiptareve\/","title":{"rendered":"Limaj: Mos t`i harrojm\u00eb krimet serbe p\u00ebr shfarrosjen e shqiptar\u00ebve"},"content":{"rendered":"<p><img decoding=\"async\" src=\"https:\/\/prizrenpost.com\/al\/wp-content\/uploads\/2015\/01\/limaj.jpg\" alt=\"\" width=\"100%\" height=\"\" class=\"alignleft size-full wp-image-52084\" srcset=\"https:\/\/prizrenpost.com\/al\/wp-content\/uploads\/2015\/01\/limaj.jpg 620w, https:\/\/prizrenpost.com\/al\/wp-content\/uploads\/2015\/01\/limaj-300x200.jpg 300w\" sizes=\"(max-width: 620px) 100vw, 620px\" \/><\/p>\n<p><strong>Re\u00e7ak &#8211; Lideri i Nism\u00ebs, Fatmir Limaj, i cili gjendet p\u00ebr t\u00eb b\u00ebr\u00eb homazhe n\u00eb nder t\u00eb viktimave t\u00eb masakr\u00ebs s\u00eb Re\u00e7akut, tha se \u2018ky krim ka qen\u00eb nj\u00eb nd\u00ebr planet e Serbis\u00eb p\u00ebr t\u00eb shfarosur popullin shqiptar\u00eb\u2019.<\/strong><\/p>\n<p>Ai ka th\u00ebn\u00eb se planet e Serbis\u00eb kan\u00eb qen\u00eb p\u00ebr t\u00eb shfarosur popullin shqiptar\u00eb. Nd\u00ebrkaq duke folur p\u00ebr deklarat\u00ebn e ministrit Aleksand\u00ebr Jabllanoviq, i cili n\u00ebnat e viktimave gjakovare i quajti \u2018eg\u00ebrsira\u2019, Limaj ka th\u00ebn\u00eb se nj\u00eb veprim i till\u00eb i tij nuk \u00ebsht\u00eb p\u00ebr t\u2019u befasuar.<\/p>\n<p>\u201cNuk m\u00eb befasojn\u00eb as deklaratat e djeshme t\u00eb kryeministrit serb, Aleksand\u00ebr Vu\u00e7iq q\u00eb vizitoj\u00eb Kosov\u00ebn. Vu\u00e7iq \u00ebsht\u00eb pjes\u00eb e asaj qeverie, asaj udh\u00ebheqjeje q\u00eb kan\u00eb hartuar planin strategjik p\u00ebr largimin e shqiptar\u00ebve nga Kosova, p\u00ebr dhun\u00ebn ndaj shqiptar\u00ebve, p\u00ebr gjenocidin, shfarosjen ton\u00eb. E aq m\u00eb shum\u00eb nuk \u00ebsht\u00eb p\u00ebr t\u2019u befasuar nga deklaratat e tilla t\u00eb ministrave serb\u00eb&#8221;, ka deklaruar Limaj.<\/p>\n<p>Sipas tij, jo vet\u00ebm Jabllanoviq, por edhe &#8216;ne i kemi harruar masakrat e Serbis\u00eb ndaj shqiptar\u00ebve n\u00eb Kosov\u00eb&#8217;.<\/p>\n","protected":false},"excerpt":{"rendered":"<p>Re\u00e7ak &#8211; Lideri i Nism\u00ebs, Fatmir Limaj, i cili gjendet p\u00ebr t\u00eb b\u00ebr\u00eb homazhe n\u00eb nder t\u00eb viktimave t\u00eb masakr\u00ebs s\u00eb Re\u00e7akut, tha se \u2018ky krim ka qen\u00eb nj\u00eb nd\u00ebr planet e Serbis\u00eb p\u00ebr t\u00eb shfarosur popullin shqiptar\u00eb\u2019. Ai ka th\u00ebn\u00eb se planet e Serbis\u00eb kan\u00eb qen\u00eb p\u00ebr t\u00eb shfarosur popullin shqiptar\u00eb. Nd\u00ebrkaq duke folur [&hellip;]<\/p>\n","protected":false},"author":1,"featured_media":52084,"comment_status":"open","ping_status":"open","sticky":false,"template":"","format":"standard","meta":{"footnotes":""},"categories":[1],"tags":[774,1168,1290,1291],"class_list":["post-12014","post","type-post","status-publish","format-standard","has-post-thumbnail","hentry","category-lajme","tag-fatmir-limaj","tag-krimet-serbe","tag-masakra-e-recakut","tag-recak"],"_links":{"self":[{"href":"https:\/\/prizrenpost.com\/al\/wp-json\/wp\/v2\/posts\/12014","targetHints":{"allow":["GET"]}}],"collection":[{"href":"https:\/\/prizrenpost.com\/al\/wp-json\/wp\/v2\/posts"}],"about":[{"href":"https:\/\/prizrenpost.com\/al\/wp-json\/wp\/v2\/types\/post"}],"author":[{"embeddable":true,"href":"https:\/\/prizrenpost.com\/al\/wp-json\/wp\/v2\/users\/1"}],"replies":[{"embeddable":true,"href":"https:\/\/prizrenpost.com\/al\/wp-json\/wp\/v2\/comments?post=12014"}],"version-history":[{"count":0,"href":"https:\/\/prizrenpost.com\/al\/wp-json\/wp\/v2\/posts\/12014\/revisions"}],"wp:featuredmedia":[{"embeddable":true,"href":"https:\/\/prizrenpost.com\/al\/wp-json\/wp\/v2\/media\/52084"}],"wp:attachment":[{"href":"https:\/\/prizrenpost.com\/al\/wp-json\/wp\/v2\/media?parent=12014"}],"wp:term":[{"taxonomy":"category","embeddable":true,"href":"https:\/\/prizrenpost.com\/al\/wp-json\/wp\/v2\/categories?post=12014"},{"taxonomy":"post_tag","embeddable":true,"href":"https:\/\/prizrenpost.com\/al\/wp-json\/wp\/v2\/tags?post=12014"}],"curies":[{"name":"wp","href":"https:\/\/api.w.org\/{rel}","templated":true}]}}