{"id":12169,"date":"2015-01-17T16:38:29","date_gmt":"2015-01-17T15:38:29","guid":{"rendered":"http:\/\/prizrenpost.com\/al\/?p=12169"},"modified":"2019-04-23T14:01:39","modified_gmt":"2019-04-23T12:01:39","slug":"gjithe-kosova-ne-protesta-kunder-jabllanoviqit-isa-heshte","status":"publish","type":"post","link":"https:\/\/prizrenpost.com\/al\/gjithe-kosova-ne-protesta-kunder-jabllanoviqit-isa-heshte\/","title":{"rendered":"Gjith\u00eb Kosova n\u00eb protesta kund\u00ebr Jabllanoviqit, Isa hesht\u00eb"},"content":{"rendered":"<p><img decoding=\"async\" src=\"https:\/\/prizrenpost.com\/al\/wp-content\/uploads\/2015\/01\/protesta-kunder-jabllanoviqit.jpg\" alt=\"\" width=\"100%\" height=\"\" class=\"alignleft size-full wp-image-54591\" srcset=\"https:\/\/prizrenpost.com\/al\/wp-content\/uploads\/2015\/01\/protesta-kunder-jabllanoviqit.jpg 1300w, https:\/\/prizrenpost.com\/al\/wp-content\/uploads\/2015\/01\/protesta-kunder-jabllanoviqit-300x115.jpg 300w, https:\/\/prizrenpost.com\/al\/wp-content\/uploads\/2015\/01\/protesta-kunder-jabllanoviqit-768x295.jpg 768w, https:\/\/prizrenpost.com\/al\/wp-content\/uploads\/2015\/01\/protesta-kunder-jabllanoviqit-1024x394.jpg 1024w\" sizes=\"(max-width: 1300px) 100vw, 1300px\" \/><\/p>\n<p><strong>Ka p\u00ebfunduar n\u00eb Gjakov\u00eb protesta e dyt\u00eb e organizuar nga Shoqata \u201cThirrjet e n\u00ebnave\u201d dhe L\u00ebvizja Vet\u00ebvendosje, kund\u00ebr deklaratave t\u00eb ministrit t\u00eb qeveris\u00eb s\u00eb Kosov\u00ebs Aleksander Jabllanovic.<\/strong><\/p>\n<p>Ndryshe nga protesta e par\u00eb, protesta e sotme ishte duksh\u00ebm m\u00eb masive, pasi n\u00eb t\u00eb mor\u00ebn pjes\u00eb rreth 10 mij\u00eb qytetar\u00eb, jo vet\u00ebm nga komuna e Gjakov\u00ebs, por edhe m\u00eb gj\u00ebr\u00eb.<\/p>\n<p><img decoding=\"async\" src=\"http:\/\/prizrenpost.com\/al\/wp-content\/uploads\/2015\/01\/nenat-gjakovare.jpg\" alt=\"nenat gjakovare\" width=\"100%\" height=\"\" class=\"alignnone size-full wp-image-12173\" \/><\/p>\n<p>E sikurse her\u00ebn e par\u00eb, edhe sot protestuesit k\u00ebrkuan q\u00eb kryeministri Mustafa ta shkarkoj\u00eb ministrin Jabllanovic, pasi, sipas protestuesve, nj\u00eb individ q\u00eb n\u00eb k\u00ebt\u00eb menyr\u00eb e fyen shtetin dhe qytetar\u00ebt e shtetit nuk meriton t\u00eb jet\u00eb minist\u00ebr i atij shteti.<\/p>\n<p><img decoding=\"async\" src=\"http:\/\/prizrenpost.com\/al\/wp-content\/uploads\/2015\/01\/jabllanovic.jpg\" alt=\"jabllanovic\" width=\"400\" height=\"\" class=\"alignnone size-full wp-image-12171\" \/><\/p>\n<p>Duke folur para protestuesve, kryetarja e shoqat\u00ebs \u201cThirrjet e N\u00ebnave\u201d Nysrete Kumnova, ka th\u00ebn\u00eb se kryeministri Mustafa ose duhet ta shkarkoj\u00eb Jabllanovicin dhe t\u00eb k\u00ebrkoj\u00eb falje p\u00ebr deklaratat e tij, ose duhet q\u00eb edhe vet t\u00eb largohet nga posti kryeministror.<\/p>\n<p>Duke th\u00ebksuar se Jabllanovic dhe bashk\u00ebpu\u00ebntor\u00ebt e tij punojn\u00eb vet\u00ebm p\u00ebr interesa t\u00eb Serbis\u00eb dhe kund\u00ebr interesave t\u00eb Kosov\u00ebs, Kumnova ka th\u00ebn\u00eb se d\u00ebshmor\u00ebt e martir\u00ebt e Kosov\u00ebs nuk kan\u00eb rq\u00ebn\u00eb q\u00eb n\u00eb qeverin\u00eb e Kosov\u00ebs t\u00eb ket\u00eb njer\u00ebz sikurse Jabllanovici, por as shqiptar\u00eb servil\u00eb, duke aluduar k\u00ebshtu n\u00eb p\u00ebrb\u00ebrjen aktuale t\u00eb qeveris\u00eb.<\/p>\n<p>E kund\u00ebr qeveris\u00eb s\u00eb Kosov\u00ebs dhe kryeministrit Mustafa ka folur edhe Driton \u00c7aushi, Koordinator i L\u00ebvizjes Vet\u00ebvendosje n\u00eb Gjakov\u00eb.<\/p>\n<p>Ai ka th\u00ebn\u00eb se ashtu sikurse Jaballnovici, p\u00ebrgjegj\u00ebsi duhet t\u00eb mbaj\u00eb edhe kryeministri Mustafa p\u00ebr heshtjen dhe mos reagimin e tij, por edhe ish \u2013 kryeministri Hashim Tha\u00e7i, i cili \u00ebsht\u00eb p\u00ebrgjegj\u00ebsi kryesor, q\u00eb njer\u00ebz sikurse Jabllanovic dhe t\u00eb tjer\u00eb nga lista serbe, sot jan\u00eb pjes\u00eb e qeveris\u00eb s\u00eb Kosov\u00ebs. \u00c7aushi me k\u00ebt\u00eb rast ka b\u00ebr\u00eb t\u00eb ditur se nj\u00eb protest e till\u00eb do t\u00eb vazhdoj\u00eb edhe n\u00eb dit\u00ebt e ardhshme, por ajo do t\u00eb bartet n\u00eb Prishtin\u00eb.<\/p>\n<p>Ndryshe, n\u00eb k\u00ebt\u00eb protest, p\u00ebrpos qytetar\u00ebve t\u00eb shumt\u00eb, kan\u00eb marr\u00eb pjes\u00eb edhe shum\u00eb deputet\u00eb, q\u00eb kryesisht ishin t\u00eb subjekteve opozitare AAK-s\u00eb e &#8220;Vet\u00ebvendosjes&#8221;.<\/p>\n","protected":false},"excerpt":{"rendered":"<p>Ka p\u00ebfunduar n\u00eb Gjakov\u00eb protesta e dyt\u00eb e organizuar nga Shoqata \u201cThirrjet e n\u00ebnave\u201d dhe L\u00ebvizja Vet\u00ebvendosje, kund\u00ebr deklaratave t\u00eb ministrit t\u00eb qeveris\u00eb s\u00eb Kosov\u00ebs Aleksander Jabllanovic. Ndryshe nga protesta e par\u00eb, protesta e sotme ishte duksh\u00ebm m\u00eb masive, pasi n\u00eb t\u00eb mor\u00ebn pjes\u00eb rreth 10 mij\u00eb qytetar\u00eb, jo vet\u00ebm nga komuna e Gjakov\u00ebs, por [&hellip;]<\/p>\n","protected":false},"author":1,"featured_media":54591,"comment_status":"open","ping_status":"open","sticky":false,"template":"","format":"standard","meta":{"footnotes":""},"categories":[1],"tags":[725,872],"class_list":["post-12169","post","type-post","status-publish","format-standard","has-post-thumbnail","hentry","category-lajme","tag-gjakove","tag-protesta"],"_links":{"self":[{"href":"https:\/\/prizrenpost.com\/al\/wp-json\/wp\/v2\/posts\/12169","targetHints":{"allow":["GET"]}}],"collection":[{"href":"https:\/\/prizrenpost.com\/al\/wp-json\/wp\/v2\/posts"}],"about":[{"href":"https:\/\/prizrenpost.com\/al\/wp-json\/wp\/v2\/types\/post"}],"author":[{"embeddable":true,"href":"https:\/\/prizrenpost.com\/al\/wp-json\/wp\/v2\/users\/1"}],"replies":[{"embeddable":true,"href":"https:\/\/prizrenpost.com\/al\/wp-json\/wp\/v2\/comments?post=12169"}],"version-history":[{"count":0,"href":"https:\/\/prizrenpost.com\/al\/wp-json\/wp\/v2\/posts\/12169\/revisions"}],"wp:featuredmedia":[{"embeddable":true,"href":"https:\/\/prizrenpost.com\/al\/wp-json\/wp\/v2\/media\/54591"}],"wp:attachment":[{"href":"https:\/\/prizrenpost.com\/al\/wp-json\/wp\/v2\/media?parent=12169"}],"wp:term":[{"taxonomy":"category","embeddable":true,"href":"https:\/\/prizrenpost.com\/al\/wp-json\/wp\/v2\/categories?post=12169"},{"taxonomy":"post_tag","embeddable":true,"href":"https:\/\/prizrenpost.com\/al\/wp-json\/wp\/v2\/tags?post=12169"}],"curies":[{"name":"wp","href":"https:\/\/api.w.org\/{rel}","templated":true}]}}