{"id":1222,"date":"2013-07-20T17:52:59","date_gmt":"2013-07-20T15:52:59","guid":{"rendered":"http:\/\/prizrenpost.com\/al\/?p=1222"},"modified":"2020-06-29T11:57:47","modified_gmt":"2020-06-29T09:57:47","slug":"kosova-ende-larg-fillimit-te-negociatave-per-msa","status":"publish","type":"post","link":"https:\/\/prizrenpost.com\/al\/kosova-ende-larg-fillimit-te-negociatave-per-msa\/","title":{"rendered":"Kosova ende larg fillimit t\u00eb negociatave p\u00ebr MSA"},"content":{"rendered":"<p><img decoding=\"async\" src=\"https:\/\/prizrenpost.com\/al\/wp-content\/uploads\/2013\/07\/fule-1.jpg\" alt=\"\" width=\"100%\" height=\"\" class=\"alignleft size-full wp-image-58919\" srcset=\"https:\/\/prizrenpost.com\/al\/wp-content\/uploads\/2013\/07\/fule-1.jpg 629w, https:\/\/prizrenpost.com\/al\/wp-content\/uploads\/2013\/07\/fule-1-300x175.jpg 300w\" sizes=\"(max-width: 629px) 100vw, 629px\" \/><\/p>\n<p><strong>Prishtin\u00eb, 20 korrik &#8211; Vizita e komisionarit p\u00ebr Zgjerim t\u00eb Komisionit Evropian , Stefan Fule, n\u00eb Prishtin\u00eb dhe Beograd, vler\u00ebsohet se \u00ebsht\u00eb d\u00ebshmi se KE-ja po b\u00ebn p\u00ebrgatitjet e fundit p\u00ebr fillimin e negociatave p\u00ebr Marr\u00ebveshjen e Stabilizim-Asociimit me Kosov\u00ebn dhe p\u00ebr fillimin e negociatave p\u00ebr pranim me Serbin\u00eb.Derisa negociatat p\u00ebr Kosov\u00ebn nuk jan\u00eb t\u00eb kusht\u00ebzuara, ato p\u00ebr Serbin\u00eb po.<\/strong><\/p>\n<p>Megjithat\u00eb, konsiderohet se Kosova duhet t\u2019i plot\u00ebsoj\u00eb edhe shum\u00eb kritere, q\u00eb p\u00ebrfshijn\u00eb edhe reform\u00ebn e sistemit gjyq\u00ebsor, luft\u00ebn kund\u00ebr korrupsionit dhe depolitizimin e sh\u00ebrbimeve publike.<\/p>\n<p>Si\u00e7 ka th\u00ebn\u00eb Fule gjat\u00eb q\u00ebndrimit t\u00eb tij n\u00eb Kosov\u00eb, Komisioni Evropian beson se n\u00eb vjesht\u00eb do t\u00eb mund nisin negociatat p\u00ebr MSA p\u00ebr Kosov\u00ebn, nd\u00ebrkaq n\u00ebse Prishtina i kryen detyrat e veta si\u00e7 duhet, at\u00ebher\u00eb  k\u00ebto negociata do t\u00eb mund t\u00eb p\u00ebrmbylleshin q\u00eb n\u00eb pranver\u00ebn e vitit q\u00eb vjen.<\/p>\n<p>Mir\u00ebpo, zyrtar\u00ebt e Komisionit Evropian n\u00eb Bruksel, por edhe diplomat\u00ebt e shteteve an\u00ebtare, rikujtojn\u00eb se Kosova, p\u00ebr t\u2019i p\u00ebrmbyllur k\u00ebto negociata, duhet t\u00eb p\u00ebrmbush\u00eb shum\u00eb kritere, nd\u00ebrkoh\u00eb q\u00eb raportet me Serbin\u00eb jan\u00eb nj\u00eb prej kritereve, transmeton Radio Evropa e Lir\u00eb. Gjithashtu, duhet t\u00eb p\u00ebrmbushen edhe kritere tjera q\u00eb kan\u00eb t\u00eb  b\u00ebjn\u00eb me reform\u00ebn e Gjyq\u00ebsorit, luft\u00ebn kund\u00ebr krimit t\u00eb organizuar dhe korrupsionit si dhe depolitizimin e sh\u00ebrbimeve  publike.<\/p>\n<p>Sa i p\u00ebrket Serbis\u00eb, komisionari p\u00ebr Zgjerim, Stefan Fule, ka rikujtuar edhe nj\u00eb her\u00eb se normalizim ii raporteve me Kosov\u00ebn do t\u00eb jet\u00eb nj\u00eb \u00e7\u00ebshtje q\u00eb do ta p\u00ebrcjell\u00eb Serbin\u00eb gjat\u00eb t\u00ebr\u00eb procesit t\u00eb negociatave t\u00eb an\u00ebtar\u00ebsimit n\u00eb BE.<\/p>\n<p>Ai ka rikonfirmuar edhe nj\u00eb her\u00eb se n\u00eb kuad\u00ebr t\u00eb pik\u00ebs 35 t\u00eb kapitullit t\u00eb quajtur \u201c\u00c7\u00ebshtje t\u00eb tjera n\u00eb procesin negociator\u201d, me Serbin\u00eb do t\u00eb diskutohet p\u00ebr Kosov\u00ebn dhe do t\u00eb matet se sa \u00ebsht\u00eb p\u00ebrmbushur ky kriter p\u00ebr Republik\u00ebn e Serbis\u00eb, i p\u00ebrcaktuar nga Bashkimi Evropian.<\/p>\n<p>Sido q\u00eb t\u00eb jet\u00eb, p\u00ebr Kosov\u00ebn vendimi \u00ebsht\u00eb marr\u00eb q\u00eb t\u00eb nisin negociatat dhe ai nuk \u00ebsht\u00eb kusht\u00ebzuar, p\u00ebrpos q\u00eb \u00ebsht\u00eb kusht\u00ebzuar me p\u00ebrgatitjen e nisjes s\u00eb tyre. Sa i p\u00ebrket Serbis\u00eb vendimi p\u00ebr t\u00eb nisur negociatat n\u00eb janar t\u00eb vitit q\u00eb vjen, vazhdon t\u00eb jet\u00eb i kusht\u00ebzuar me vler\u00ebsimin q\u00eb duhet ta b\u00ebjn\u00eb lider\u00ebt e shteteve an\u00ebtare n\u00eb dhjetor kur n\u00eb samit duhet t\u00eb miratojn\u00eb korniz\u00ebn negociuese t\u00eb BE-s\u00eb e q\u00eb nuk do t\u00eb miratohet n\u00eb rast se nuk vler\u00ebsohet se jan\u00eb p\u00ebrmbushur n\u00eb mas\u00eb t\u00eb k\u00ebnaqshme kushtet e lidhura me dialogun nd\u00ebrmjet Prishtin\u00ebs dhe Beogradit.<\/p>\n<p>Java q\u00eb vjen mund t\u00eb jet\u00eb nj\u00eb jav\u00eb e r\u00ebnd\u00ebsishme p\u00ebr k\u00ebt\u00eb proces. N\u00eb Bruksel do t\u00eb takohen edhe nj\u00eb her\u00eb kryeministri i Kosov\u00ebs, Hashim Tha\u00e7i, dhe ai i Serbis\u00eb, Ivica Da\u00e7iq, me nd\u00ebrmjet\u00ebsimin e baronesh\u00ebs Catherine Ashton. Do t\u00eb b\u00ebhet p\u00ebrpjekje q\u00eb m\u00eb n\u00eb fund n\u00eb k\u00ebt\u00eb takim edhe formalisht t\u00eb arrihet marr\u00ebveshja p\u00ebr telekom dhe ajo p\u00ebr energjetik\u00eb.<\/p>\n<p>Si\u00e7 dihet, Bashkimi Evropian edhe koh\u00eb m\u00eb par\u00eb k\u00ebto dy marr\u00ebveshje i kishte caktuar si kusht &#8211; kusht ky q\u00eb nuk ishte p\u00ebrmbushur me koh\u00eb, sepse si afat p\u00ebr arritjen e pajtimit p\u00ebr energjetik\u00eb dhe telekom ishte p\u00ebrmendur 15 qershori i k\u00ebtij viti.<\/p>\n<p>Edhe pse ky kusht nuk \u00ebsht\u00eb p\u00ebrmbushur, n\u00eb BE shpresojn\u00eb se \u00e7\u00ebshtjet jan\u00eb afruar shum\u00eb dhe se do t\u00eb ket\u00eb marr\u00ebveshje ndoshta jav\u00ebn q\u00eb vjen.<\/p>\n","protected":false},"excerpt":{"rendered":"<p>Prishtin\u00eb, 20 korrik &#8211; Vizita e komisionarit p\u00ebr Zgjerim t\u00eb Komisionit Evropian , Stefan Fule, n\u00eb Prishtin\u00eb dhe Beograd, vler\u00ebsohet se \u00ebsht\u00eb d\u00ebshmi se KE-ja po b\u00ebn p\u00ebrgatitjet e fundit p\u00ebr fillimin e negociatave p\u00ebr Marr\u00ebveshjen e Stabilizim-Asociimit me Kosov\u00ebn dhe p\u00ebr fillimin e negociatave p\u00ebr pranim me Serbin\u00eb.Derisa negociatat p\u00ebr Kosov\u00ebn nuk jan\u00eb t\u00eb [&hellip;]<\/p>\n","protected":false},"author":1,"featured_media":58919,"comment_status":"open","ping_status":"open","sticky":false,"template":"","format":"standard","meta":{"footnotes":""},"categories":[1],"tags":[1057,287,4451],"class_list":["post-1222","post","type-post","status-publish","format-standard","has-post-thumbnail","hentry","category-lajme","tag-bashkimi-europian","tag-kosova","tag-stefan-fule"],"_links":{"self":[{"href":"https:\/\/prizrenpost.com\/al\/wp-json\/wp\/v2\/posts\/1222","targetHints":{"allow":["GET"]}}],"collection":[{"href":"https:\/\/prizrenpost.com\/al\/wp-json\/wp\/v2\/posts"}],"about":[{"href":"https:\/\/prizrenpost.com\/al\/wp-json\/wp\/v2\/types\/post"}],"author":[{"embeddable":true,"href":"https:\/\/prizrenpost.com\/al\/wp-json\/wp\/v2\/users\/1"}],"replies":[{"embeddable":true,"href":"https:\/\/prizrenpost.com\/al\/wp-json\/wp\/v2\/comments?post=1222"}],"version-history":[{"count":1,"href":"https:\/\/prizrenpost.com\/al\/wp-json\/wp\/v2\/posts\/1222\/revisions"}],"predecessor-version":[{"id":58920,"href":"https:\/\/prizrenpost.com\/al\/wp-json\/wp\/v2\/posts\/1222\/revisions\/58920"}],"wp:featuredmedia":[{"embeddable":true,"href":"https:\/\/prizrenpost.com\/al\/wp-json\/wp\/v2\/media\/58919"}],"wp:attachment":[{"href":"https:\/\/prizrenpost.com\/al\/wp-json\/wp\/v2\/media?parent=1222"}],"wp:term":[{"taxonomy":"category","embeddable":true,"href":"https:\/\/prizrenpost.com\/al\/wp-json\/wp\/v2\/categories?post=1222"},{"taxonomy":"post_tag","embeddable":true,"href":"https:\/\/prizrenpost.com\/al\/wp-json\/wp\/v2\/tags?post=1222"}],"curies":[{"name":"wp","href":"https:\/\/api.w.org\/{rel}","templated":true}]}}