{"id":12241,"date":"2015-01-23T22:51:56","date_gmt":"2015-01-23T21:51:56","guid":{"rendered":"http:\/\/prizrenpost.com\/al\/?p=12241"},"modified":"2019-08-20T14:46:22","modified_gmt":"2019-08-20T12:46:22","slug":"gjilani-doli-ne-protesta-per-trepcen-dhe-shkarkimin-e-jabllanoviqit","status":"publish","type":"post","link":"https:\/\/prizrenpost.com\/al\/gjilani-doli-ne-protesta-per-trepcen-dhe-shkarkimin-e-jabllanoviqit\/","title":{"rendered":"Gjilani doli n\u00eb protesta p\u00ebr Trep\u00e7\u00ebn dhe shkarkimin e Jabllanoviqit"},"content":{"rendered":"<p><img decoding=\"async\" src=\"https:\/\/prizrenpost.com\/al\/wp-content\/uploads\/2015\/01\/protesta-gjilan.jpg\" alt=\"\" width=\"100%\" height=\"\" class=\"alignleft size-full wp-image-56308\" srcset=\"https:\/\/prizrenpost.com\/al\/wp-content\/uploads\/2015\/01\/protesta-gjilan.jpg 620w, https:\/\/prizrenpost.com\/al\/wp-content\/uploads\/2015\/01\/protesta-gjilan-300x225.jpg 300w\" sizes=\"(max-width: 620px) 100vw, 620px\" \/><\/p>\n<p><strong>Protestat p\u00ebr shkarkimin e ministrit Aleksandar Jabllanoviq dhe n\u00eb mbrojte t\u00eb Trep\u00e7\u00ebs kan\u00eb vazhduar edhe sot.<\/strong><\/p>\n<p>Mij\u00ebra qytetar t\u00eb Gjilanit po protestojn\u00eb sot, ku po k\u00ebrkojn\u00eb shkarkimin e ministrit p\u00ebr Kthim e Komunitete Aleksandar Jabllanoviq i cili dit\u00eb m\u00eb par\u00eb n\u00ebnat e viktimave t\u00eb Gjakov\u00ebs q\u00eb e p\u00ebsuan nga terrorist\u00ebt serb\u00eb, i quajti eg\u00ebrsira.<\/p>\n<p>Protestuesit po ashtu k\u00ebrkuan q\u00eb \u00e7\u00ebshtja e pron\u00ebsis\u00eb s\u00eb Trep\u00e7\u00ebs t\u00eb rregullohet me ligj dhe ajo t\u00eb shnd\u00ebrrohet n\u00eb pron\u00eb t\u00eb Republik\u00ebs s\u00eb Kosov\u00ebs.<\/p>\n","protected":false},"excerpt":{"rendered":"<p>Protestat p\u00ebr shkarkimin e ministrit Aleksandar Jabllanoviq dhe n\u00eb mbrojte t\u00eb Trep\u00e7\u00ebs kan\u00eb vazhduar edhe sot. Mij\u00ebra qytetar t\u00eb Gjilanit po protestojn\u00eb sot, ku po k\u00ebrkojn\u00eb shkarkimin e ministrit p\u00ebr Kthim e Komunitete Aleksandar Jabllanoviq i cili dit\u00eb m\u00eb par\u00eb n\u00ebnat e viktimave t\u00eb Gjakov\u00ebs q\u00eb e p\u00ebsuan nga terrorist\u00ebt serb\u00eb, i quajti eg\u00ebrsira. Protestuesit [&hellip;]<\/p>\n","protected":false},"author":1,"featured_media":56308,"comment_status":"open","ping_status":"open","sticky":false,"template":"","format":"standard","meta":{"footnotes":""},"categories":[1],"tags":[1072,48,872],"class_list":["post-12241","post","type-post","status-publish","format-standard","has-post-thumbnail","hentry","category-lajme","tag-gjilan","tag-kosove","tag-protesta"],"_links":{"self":[{"href":"https:\/\/prizrenpost.com\/al\/wp-json\/wp\/v2\/posts\/12241","targetHints":{"allow":["GET"]}}],"collection":[{"href":"https:\/\/prizrenpost.com\/al\/wp-json\/wp\/v2\/posts"}],"about":[{"href":"https:\/\/prizrenpost.com\/al\/wp-json\/wp\/v2\/types\/post"}],"author":[{"embeddable":true,"href":"https:\/\/prizrenpost.com\/al\/wp-json\/wp\/v2\/users\/1"}],"replies":[{"embeddable":true,"href":"https:\/\/prizrenpost.com\/al\/wp-json\/wp\/v2\/comments?post=12241"}],"version-history":[{"count":0,"href":"https:\/\/prizrenpost.com\/al\/wp-json\/wp\/v2\/posts\/12241\/revisions"}],"wp:featuredmedia":[{"embeddable":true,"href":"https:\/\/prizrenpost.com\/al\/wp-json\/wp\/v2\/media\/56308"}],"wp:attachment":[{"href":"https:\/\/prizrenpost.com\/al\/wp-json\/wp\/v2\/media?parent=12241"}],"wp:term":[{"taxonomy":"category","embeddable":true,"href":"https:\/\/prizrenpost.com\/al\/wp-json\/wp\/v2\/categories?post=12241"},{"taxonomy":"post_tag","embeddable":true,"href":"https:\/\/prizrenpost.com\/al\/wp-json\/wp\/v2\/tags?post=12241"}],"curies":[{"name":"wp","href":"https:\/\/api.w.org\/{rel}","templated":true}]}}