{"id":12322,"date":"2015-01-29T23:37:39","date_gmt":"2015-01-29T22:37:39","guid":{"rendered":"http:\/\/prizrenpost.com\/al\/?p=12322"},"modified":"2019-02-24T19:58:42","modified_gmt":"2019-02-24T18:58:42","slug":"be-dhuna-ndaj-protestuesve-e-papranueshme-demonstratat-mesazh-per-te-zgjuar-institucionet","status":"publish","type":"post","link":"https:\/\/prizrenpost.com\/al\/be-dhuna-ndaj-protestuesve-e-papranueshme-demonstratat-mesazh-per-te-zgjuar-institucionet\/","title":{"rendered":"BE: Dhuna ndaj protestuesve e papranueshme, demonstratat mesazh p\u00ebr t\u00eb zgjuar institucionet"},"content":{"rendered":"<p><img decoding=\"async\" src=\"https:\/\/prizrenpost.com\/al\/wp-content\/uploads\/2015\/01\/protesta.jpg\" alt=\"\" width=\"100%\" height=\"\" class=\"alignleft size-full wp-image-53542\" srcset=\"https:\/\/prizrenpost.com\/al\/wp-content\/uploads\/2015\/01\/protesta.jpg 1300w, https:\/\/prizrenpost.com\/al\/wp-content\/uploads\/2015\/01\/protesta-300x115.jpg 300w, https:\/\/prizrenpost.com\/al\/wp-content\/uploads\/2015\/01\/protesta-768x295.jpg 768w, https:\/\/prizrenpost.com\/al\/wp-content\/uploads\/2015\/01\/protesta-1024x394.jpg 1024w\" sizes=\"(max-width: 1300px) 100vw, 1300px\" \/><\/p>\n<p><strong>Bruksel &#8211; Zyra e Bashkimit Evropian n\u00eb Kosov\u00eb ka ndjekur me shqet\u00ebsim t\u00eb madh demonstratat e s\u00eb mart\u00ebs. Protestimi paq\u00ebsor \u00ebsht\u00eb nj\u00eb e drejt\u00eb themelore, e patjet\u00ebrsueshme demokratike e qytetar\u00ebve. \u00cbsht\u00eb nj\u00eb m\u00ebnyr\u00eb demokratike p\u00ebrmes s\u00eb cil\u00ebs qytetar\u00ebt d\u00ebrgojn\u00eb mesazhe te udh\u00ebheq\u00ebsit e tyre politik\u00eb, thuhet nj\u00eb nj\u00eb reagim t\u00eb Zyr\u00ebs s\u00eb BE\u2019s\u00eb.<\/strong><\/p>\n<p><strong>M\u00eb posht\u00eb mund t\u00eb lexoni t\u00eb plot\u00eb reagimin<\/strong><\/p>\n<p>Zyra e Bashkimit Evropian n\u00eb Kosov\u00eb ka ndjekur me shqet\u00ebsim t\u00eb madh demonstratat e s\u00eb mart\u00ebs. Protestimi paq\u00ebsor \u00ebsht\u00eb nj\u00eb e drejt\u00eb themelore, e patjet\u00ebrsueshme demokratike e qytetar\u00ebve. \u00cbsht\u00eb nj\u00eb m\u00ebnyr\u00eb demokratike p\u00ebrmes s\u00eb cil\u00ebs qytetar\u00ebt d\u00ebrgojn\u00eb mesazhe te udh\u00ebheq\u00ebsit e tyre politik\u00eb.<\/p>\n<p>Megjithat\u00eb, dhuna \u00ebsht\u00eb e papranueshme: ajo gjithmon\u00eb shkon n\u00eb d\u00ebm t\u00eb shkakut t\u00eb atij veprimi dhe rrezikon hap\u00ebsir\u00ebn demokratike. Prandaj \u00ebsht\u00eb fillimisht n\u00eb interes t\u00eb atyre q\u00eb organizojn\u00eb demonstrata dhe t\u00eb atyre q\u00eb demonstrojn\u00eb p\u00ebr t\u2019u distancuar nga dhuna dhe p\u00ebr ta parandaluar at\u00eb gjat\u00eb tubimeve t\u00eb tilla.<\/p>\n<p>Demonstratat n\u00eb k\u00ebt\u00eb num\u00ebr, si ajo q\u00eb pam\u00eb t\u00eb shtun\u00ebn e kaluar, jan\u00eb gjithashtu nj\u00eb shenj\u00eb e frustrimit t\u00eb qytetar\u00ebve me gjendjen n\u00eb Kosov\u00eb. Shpesh t\u00eb nj\u00ebjtat shkaqe po i shtyjn\u00eb njer\u00ebzit q\u00eb t\u00eb k\u00ebrkojn\u00eb pun\u00eb jasht\u00eb Kosov\u00ebs apo madje edhe t\u00eb bien viktima t\u00eb migrimit t\u00eb paligjsh\u00ebm. Demonstratat jan\u00eb p\u00ebr t\u00eb d\u00ebrguar nj\u00eb mesazh dhe ndoshta p\u00ebr t\u00eb zgjuar institucionet politike. Por rrug\u00ebt nuk jan\u00eb m\u00ebnyra p\u00ebr t\u00eb gjetur zgjidhjen, aq m\u00eb pak p\u00ebrmes ultimatumeve.<\/p>\n<p>Si n\u00eb \u00e7do shoq\u00ebri demokratike, zgjidhjet duhet t\u00eb gjendet p\u00ebrmes dialogut politik n\u00eb institucionet politike, p\u00ebrmes dialogut social mes partner\u00ebve social\u00eb \u2013 dhe me nj\u00eb dialog t\u00eb hapur t\u00eb autoriteteve me shoq\u00ebrin\u00eb.<\/p>\n<p>Kosova ka nevoj\u00eb p\u00ebr t\u00eb gjetur nj\u00eb gjuh\u00eb t\u00eb p\u00ebrbashk\u00ebt p\u00ebr t\u00eb vepruar drejt zhvillimit ekonomik dhe sundimit t\u00eb ligjit. Ne nxisim udh\u00ebheq\u00ebsit politik\u00eb t\u00eb t\u00eb dyja an\u00ebve, koalicionin dhe opozit\u00ebn, q\u00eb t\u00eb bashkojn\u00eb forcat e tyre n\u00eb ofrimin e p\u00ebrgjigjeve p\u00ebr shpresat e njer\u00ebzve. Vendi m\u00eb i p\u00ebrshtatsh\u00ebm p\u00ebr k\u00ebt\u00eb \u00ebsht\u00eb Kuvendi.<\/p>\n<p>Bashkimi Evropian do t\u00eb vazhdoj\u00eb t\u00eb ndihmoj\u00eb n\u00eb gjetjen e k\u00ebtyre p\u00ebrgjigjeve, meq\u00eb ato jan\u00eb themeli mbi t\u00eb cilin nd\u00ebrtohet rruga evropiane e Kosov\u00ebs.<\/p>\n","protected":false},"excerpt":{"rendered":"<p>Bruksel &#8211; Zyra e Bashkimit Evropian n\u00eb Kosov\u00eb ka ndjekur me shqet\u00ebsim t\u00eb madh demonstratat e s\u00eb mart\u00ebs. Protestimi paq\u00ebsor \u00ebsht\u00eb nj\u00eb e drejt\u00eb themelore, e patjet\u00ebrsueshme demokratike e qytetar\u00ebve. \u00cbsht\u00eb nj\u00eb m\u00ebnyr\u00eb demokratike p\u00ebrmes s\u00eb cil\u00ebs qytetar\u00ebt d\u00ebrgojn\u00eb mesazhe te udh\u00ebheq\u00ebsit e tyre politik\u00eb, thuhet nj\u00eb nj\u00eb reagim t\u00eb Zyr\u00ebs s\u00eb BE\u2019s\u00eb. M\u00eb posht\u00eb [&hellip;]<\/p>\n","protected":false},"author":1,"featured_media":53542,"comment_status":"open","ping_status":"open","sticky":false,"template":"","format":"standard","meta":{"footnotes":""},"categories":[1],"tags":[1057,287,872],"class_list":["post-12322","post","type-post","status-publish","format-standard","has-post-thumbnail","hentry","category-lajme","tag-bashkimi-europian","tag-kosova","tag-protesta"],"_links":{"self":[{"href":"https:\/\/prizrenpost.com\/al\/wp-json\/wp\/v2\/posts\/12322","targetHints":{"allow":["GET"]}}],"collection":[{"href":"https:\/\/prizrenpost.com\/al\/wp-json\/wp\/v2\/posts"}],"about":[{"href":"https:\/\/prizrenpost.com\/al\/wp-json\/wp\/v2\/types\/post"}],"author":[{"embeddable":true,"href":"https:\/\/prizrenpost.com\/al\/wp-json\/wp\/v2\/users\/1"}],"replies":[{"embeddable":true,"href":"https:\/\/prizrenpost.com\/al\/wp-json\/wp\/v2\/comments?post=12322"}],"version-history":[{"count":0,"href":"https:\/\/prizrenpost.com\/al\/wp-json\/wp\/v2\/posts\/12322\/revisions"}],"wp:featuredmedia":[{"embeddable":true,"href":"https:\/\/prizrenpost.com\/al\/wp-json\/wp\/v2\/media\/53542"}],"wp:attachment":[{"href":"https:\/\/prizrenpost.com\/al\/wp-json\/wp\/v2\/media?parent=12322"}],"wp:term":[{"taxonomy":"category","embeddable":true,"href":"https:\/\/prizrenpost.com\/al\/wp-json\/wp\/v2\/categories?post=12322"},{"taxonomy":"post_tag","embeddable":true,"href":"https:\/\/prizrenpost.com\/al\/wp-json\/wp\/v2\/tags?post=12322"}],"curies":[{"name":"wp","href":"https:\/\/api.w.org\/{rel}","templated":true}]}}