{"id":1239,"date":"2013-07-21T15:31:10","date_gmt":"2013-07-21T13:31:10","guid":{"rendered":"http:\/\/prizrenpost.com\/al\/?p=1239"},"modified":"2020-06-29T12:04:01","modified_gmt":"2020-06-29T10:04:01","slug":"netanyahu-negociatat-me-palestinen-interes-jetik-e-strategjik-per-izraelin","status":"publish","type":"post","link":"https:\/\/prizrenpost.com\/al\/netanyahu-negociatat-me-palestinen-interes-jetik-e-strategjik-per-izraelin\/","title":{"rendered":"Netanyahu: Negociatat me Palestin\u00ebn, interes jetik e strategjik p\u00ebr Izraelin"},"content":{"rendered":"<p><img decoding=\"async\" src=\"https:\/\/prizrenpost.com\/al\/wp-content\/uploads\/2013\/07\/netanyahu.jpg\" alt=\"\" width=\"100%\" height=\"\" class=\"alignleft size-full wp-image-58929\" srcset=\"https:\/\/prizrenpost.com\/al\/wp-content\/uploads\/2013\/07\/netanyahu.jpg 992w, https:\/\/prizrenpost.com\/al\/wp-content\/uploads\/2013\/07\/netanyahu-300x169.jpg 300w, https:\/\/prizrenpost.com\/al\/wp-content\/uploads\/2013\/07\/netanyahu-768x432.jpg 768w\" sizes=\"(max-width: 992px) 100vw, 992px\" \/><\/p>\n<p><strong>Tel Aviv, 21 korrik &#8211; Kryeministri izraelit, Benjamin Netanyahu, ka deklaruar se rifillimi i negociatave me Palestin\u00ebn \u00ebsht\u00eb interes jetik e strategjik p\u00ebr Izraelin.<\/strong><\/p>\n<p>\u201c\u00cbsht\u00eb me r\u00ebnd\u00ebsi q\u00eb vet\u00eb ne t\u00eb p\u00ebrpiqemi ta p\u00ebrfundojm\u00eb konfliktin nd\u00ebrmjet izraelit\u00ebve dhe palestinez\u00ebve\u201d, \u00ebsht\u00eb shprehur Netanyahu n\u00ebp\u00ebrmes nj\u00eb deklarate me shkrim. Kjo deklarat\u00eb sh\u00ebnon edhe reagimin e par\u00eb t\u00eb kryeministrit, pasi sekretari amerikan i Shtetit, John Kerry, ka njoftuar se p\u00ebrfaq\u00ebsuesit izraelit\u00eb dhe palestinez\u00eb jan\u00eb pajtuar p\u00ebr t\u2019u takuar, me q\u00ebllim t\u00eb vazhdimit t\u00eb bisedimeve paq\u00ebsore. <\/p>\n<p>K\u00ebto bisedime ishin bllokuar n\u00eb vitin 2010, kur negociatat u shkat\u00ebrruan p\u00ebr shkak t\u00eb nd\u00ebrtimit t\u00eb vendbanimeve izraelite n\u00eb Bregun Per\u00ebndimor dhe n\u00eb pjes\u00ebn lindore t\u00eb Jerusalemit.<\/p>\n","protected":false},"excerpt":{"rendered":"<p>Tel Aviv, 21 korrik &#8211; Kryeministri izraelit, Benjamin Netanyahu, ka deklaruar se rifillimi i negociatave me Palestin\u00ebn \u00ebsht\u00eb interes jetik e strategjik p\u00ebr Izraelin. \u201c\u00cbsht\u00eb me r\u00ebnd\u00ebsi q\u00eb vet\u00eb ne t\u00eb p\u00ebrpiqemi ta p\u00ebrfundojm\u00eb konfliktin nd\u00ebrmjet izraelit\u00ebve dhe palestinez\u00ebve\u201d, \u00ebsht\u00eb shprehur Netanyahu n\u00ebp\u00ebrmes nj\u00eb deklarate me shkrim. Kjo deklarat\u00eb sh\u00ebnon edhe reagimin e par\u00eb t\u00eb [&hellip;]<\/p>\n","protected":false},"author":1,"featured_media":58929,"comment_status":"open","ping_status":"open","sticky":false,"template":"","format":"standard","meta":{"footnotes":""},"categories":[1],"tags":[5159,1378,1198],"class_list":["post-1239","post","type-post","status-publish","format-standard","has-post-thumbnail","hentry","category-lajme","tag-benjamin-netanyahu","tag-izraeli","tag-palestina"],"_links":{"self":[{"href":"https:\/\/prizrenpost.com\/al\/wp-json\/wp\/v2\/posts\/1239","targetHints":{"allow":["GET"]}}],"collection":[{"href":"https:\/\/prizrenpost.com\/al\/wp-json\/wp\/v2\/posts"}],"about":[{"href":"https:\/\/prizrenpost.com\/al\/wp-json\/wp\/v2\/types\/post"}],"author":[{"embeddable":true,"href":"https:\/\/prizrenpost.com\/al\/wp-json\/wp\/v2\/users\/1"}],"replies":[{"embeddable":true,"href":"https:\/\/prizrenpost.com\/al\/wp-json\/wp\/v2\/comments?post=1239"}],"version-history":[{"count":1,"href":"https:\/\/prizrenpost.com\/al\/wp-json\/wp\/v2\/posts\/1239\/revisions"}],"predecessor-version":[{"id":58930,"href":"https:\/\/prizrenpost.com\/al\/wp-json\/wp\/v2\/posts\/1239\/revisions\/58930"}],"wp:featuredmedia":[{"embeddable":true,"href":"https:\/\/prizrenpost.com\/al\/wp-json\/wp\/v2\/media\/58929"}],"wp:attachment":[{"href":"https:\/\/prizrenpost.com\/al\/wp-json\/wp\/v2\/media?parent=1239"}],"wp:term":[{"taxonomy":"category","embeddable":true,"href":"https:\/\/prizrenpost.com\/al\/wp-json\/wp\/v2\/categories?post=1239"},{"taxonomy":"post_tag","embeddable":true,"href":"https:\/\/prizrenpost.com\/al\/wp-json\/wp\/v2\/tags?post=1239"}],"curies":[{"name":"wp","href":"https:\/\/api.w.org\/{rel}","templated":true}]}}