{"id":13169,"date":"2015-04-30T08:58:52","date_gmt":"2015-04-30T06:58:52","guid":{"rendered":"http:\/\/prizrenpost.com\/al\/?p=13169"},"modified":"2019-08-20T14:50:38","modified_gmt":"2019-08-20T12:50:38","slug":"16-vjet-nga-renia-e-ilaz-kodres","status":"publish","type":"post","link":"https:\/\/prizrenpost.com\/al\/16-vjet-nga-renia-e-ilaz-kodres\/","title":{"rendered":"16 vjet nga r\u00ebnia e Ilaz Kodr\u00ebs"},"content":{"rendered":"<p><img decoding=\"async\" src=\"https:\/\/prizrenpost.com\/al\/wp-content\/uploads\/2015\/04\/ilaz-kodra-1.png\" alt=\"\" width=\"100%\" height=\"\" class=\"alignleft size-full wp-image-56314\" srcset=\"https:\/\/prizrenpost.com\/al\/wp-content\/uploads\/2015\/04\/ilaz-kodra-1.png 460w, https:\/\/prizrenpost.com\/al\/wp-content\/uploads\/2015\/04\/ilaz-kodra-1-300x261.png 300w\" sizes=\"(max-width: 460px) 100vw, 460px\" \/><\/p>\n<p><strong>Skenderaj &#8211; Sot mbushen gjasht\u00ebmb\u00ebdhjet\u00eb vjet nga r\u00ebnia heroike e komandantit t\u00eb Ushtris\u00eb \u00c7lirimtare t\u00eb Kosov\u00ebs, Ilaz Kodra.<\/strong><\/p>\n<p>Ai ka qen\u00eb pjes\u00eb e celulave t\u00eb para t\u00eb U\u00c7K-s\u00eb dhe pjes\u00ebmarr\u00ebs i t\u00eb gjitha luft\u00ebrave n\u00eb Drenic\u00eb dhe rrethin\u00eb.<\/p>\n<p>Ilaz Kodra lindi m\u00eb 3 maj t\u00eb vitit 1966 n\u00eb lagjen Kodra t\u00eb Prekazit. Shkoll\u00ebn fillore e kreu n\u00eb vendlindje, nd\u00ebrsa tet\u00ebvje\u00e7aren dhe shkoll\u00ebn e mesme, Gjimnazin, i ka kryer n\u00eb Skenderaj. Pas kryerjes s\u00eb shkoll\u00ebs s\u00eb mesme, regjistrohet n\u00eb Shkoll\u00ebn e Lart\u00eb Komerciale n\u00eb Pej\u00eb. Sh\u00ebrbimin e detyruesh\u00ebm ushtarak e ka kryer n\u00eb Slloveni.<\/p>\n<p>Ndikimi atdhetar, q\u00eb kishte ushtruar te rinia p\u00ebrparimtare dhe revolucionare e Prekazit e m\u00eb gjer\u00eb, akti heroik dhe q\u00ebndresa e Tahir dhe Nebih Meh\u00ebs, m\u00eb 13 maj t\u00eb vitit 1981, kund\u00ebr policis\u00eb jugosllave, i kishte dh\u00ebn\u00eb impulse ides\u00eb s\u00eb vazhdimit pa kthim t\u00eb rezistenc\u00ebs s\u00eb armatosur kund\u00ebr pushtuesit. Edhe Ilazi, ashtu si m\u00eb par\u00eb Adem dhe Ham\u00ebz Jashari kishin mendime identike lidhur me nevoj\u00ebn e fillimit t\u00eb luft\u00ebs s\u00eb armatosur, n\u00eb koh\u00ebn kur po shihej mir\u00ebfilli se Jugosllavia do t\u00eb shp\u00ebrb\u00ebhej dhe kur tashm\u00eb kishte filluar shkat\u00ebrrimi i saj me ndarjen e Sllovenis\u00eb dhe me fillimin e luft\u00ebs n\u00eb Kroaci e m\u00eb von\u00eb edhe n\u00eb Bosnje e Hercegovin\u00eb.<\/p>\n<p>Ilaz Kodra mbante kontakte ilegaliteti me komandantin Adem Jashari dhe me pjes\u00ebtar\u00ebt e b\u00ebrtham\u00ebs s\u00eb par\u00eb \u00e7lirimtare t\u00eb Drenic\u00ebs. Ata, n\u00eb vitin 1991 kishin kaluar kufirin edhe ishin futur ilegalisht n\u00eb Shqip\u00ebri, me q\u00ebllim p\u00ebr t\u2019u st\u00ebrvitur dhe p\u00ebr t\u2019 u armatosur. Atje, me dijenin\u00eb e kryetarit Ramiz Alia ishte caktuar nj\u00eb grup oficer\u00ebsh shqiptar\u00eb: Ylli Mici, Hysen Imeri, Agron Dhimarko e t\u00eb tjer\u00eb, t\u00eb cil\u00ebt mor\u00ebn pjes\u00eb n\u00eb st\u00ebrvitjen e tyre ushtarake, meq\u00eb ata ishin p\u00ebrcaktuar p\u00ebr luft\u00eb t\u00eb armatosur kund\u00ebr pushtuesit dhe jo p\u00ebr politik\u00ebn pacifiste t\u00eb pritjes dhe durimit deri n\u00eb skllav\u00ebri e n\u00ebnshtrim.<\/p>\n<p>Qysh n\u00eb vitin 1991, Ilaz Kodra bashk\u00eb me Adem Jasharin, kan\u00eb shkuar n\u00eb Shqip\u00ebri, ku edhe i kan\u00eb kryer st\u00ebrvitjet ushtarake dhe kan\u00eb m\u00ebsuar taktikat e sulmit dhe t\u00eb t\u00ebrheqjes. Ai e ka kaluar kufirin shqiptaro-shqiptar ilegalisht disa her\u00eb. Nj\u00eb koh\u00eb t\u00eb shkurt\u00ebr q\u00ebndroi edhe n\u00eb Gjermani, n\u00eb Mynih ku kishte zhvilluar nj\u00eb aktivitet t\u00eb fort\u00eb atdhetar dhe kishte bindur bashkatdhetar\u00ebt q\u00eb ta ndihmojn\u00eb luft\u00ebn dhe t\u00eb rreshtohen n\u00eb radh\u00ebt e U\u00c7K-s\u00eb.<\/p>\n<p>Pas r\u00ebnies s\u00eb Fehmi Lladrovcit dhe Xheva Krasniqit-Lladrovci m\u00eb 22 shtator t\u00eb vitit 1998, n\u00eb altarin e Liris\u00eb, Ilaz Kodra u caktua komandant i k\u00ebsaj Brigade, e cila mori emrin e komandant t\u00eb saj t\u00eb par\u00eb, Fehmi Lladrovci.<\/p>\n<p>N\u00eb prill t\u00eb vitit 1999, forcat okupatore serbe t\u00eb goditura ashp\u00ebr nga aeroplan\u00ebt e NATO-s mllefin dhe zem\u00ebrimin po e derdhnin kund\u00ebr popullat\u00ebs civile duke pushkatuar e masakruar kudo ku ata b\u00ebnin p\u00ebrpjekje t\u00eb mbijetonin, n\u00eb kushte dhe rrethana t\u00eb nj\u00eb rrethimi t\u00eb hekurt. Ai ra n\u00eb altarin e liris\u00eb m\u00eb 30 prill t\u00eb vitit 1999, n\u00eb fshatin Shtutic\u00eb.<\/p>\n<p>Sot p\u00ebr nder t\u00eb heroit Ilaz Kodra do t\u00eb mbahet nj\u00eb akademi p\u00ebrkujtimore n\u00eb Teatrin Komb\u00ebtar t\u00eb Kosov\u00ebs n\u00eb Prishtin\u00eb. <\/p>\n","protected":false},"excerpt":{"rendered":"<p>Skenderaj &#8211; Sot mbushen gjasht\u00ebmb\u00ebdhjet\u00eb vjet nga r\u00ebnia heroike e komandantit t\u00eb Ushtris\u00eb \u00c7lirimtare t\u00eb Kosov\u00ebs, Ilaz Kodra. Ai ka qen\u00eb pjes\u00eb e celulave t\u00eb para t\u00eb U\u00c7K-s\u00eb dhe pjes\u00ebmarr\u00ebs i t\u00eb gjitha luft\u00ebrave n\u00eb Drenic\u00eb dhe rrethin\u00eb. Ilaz Kodra lindi m\u00eb 3 maj t\u00eb vitit 1966 n\u00eb lagjen Kodra t\u00eb Prekazit. Shkoll\u00ebn fillore e [&hellip;]<\/p>\n","protected":false},"author":1,"featured_media":56314,"comment_status":"open","ping_status":"open","sticky":false,"template":"","format":"standard","meta":{"footnotes":""},"categories":[1],"tags":[5032,1821,36],"class_list":["post-13169","post","type-post","status-publish","format-standard","has-post-thumbnail","hentry","category-lajme","tag-deshmor","tag-ilaz-kodra","tag-uck"],"_links":{"self":[{"href":"https:\/\/prizrenpost.com\/al\/wp-json\/wp\/v2\/posts\/13169","targetHints":{"allow":["GET"]}}],"collection":[{"href":"https:\/\/prizrenpost.com\/al\/wp-json\/wp\/v2\/posts"}],"about":[{"href":"https:\/\/prizrenpost.com\/al\/wp-json\/wp\/v2\/types\/post"}],"author":[{"embeddable":true,"href":"https:\/\/prizrenpost.com\/al\/wp-json\/wp\/v2\/users\/1"}],"replies":[{"embeddable":true,"href":"https:\/\/prizrenpost.com\/al\/wp-json\/wp\/v2\/comments?post=13169"}],"version-history":[{"count":0,"href":"https:\/\/prizrenpost.com\/al\/wp-json\/wp\/v2\/posts\/13169\/revisions"}],"wp:featuredmedia":[{"embeddable":true,"href":"https:\/\/prizrenpost.com\/al\/wp-json\/wp\/v2\/media\/56314"}],"wp:attachment":[{"href":"https:\/\/prizrenpost.com\/al\/wp-json\/wp\/v2\/media?parent=13169"}],"wp:term":[{"taxonomy":"category","embeddable":true,"href":"https:\/\/prizrenpost.com\/al\/wp-json\/wp\/v2\/categories?post=13169"},{"taxonomy":"post_tag","embeddable":true,"href":"https:\/\/prizrenpost.com\/al\/wp-json\/wp\/v2\/tags?post=13169"}],"curies":[{"name":"wp","href":"https:\/\/api.w.org\/{rel}","templated":true}]}}