{"id":13194,"date":"2015-05-01T17:59:57","date_gmt":"2015-05-01T15:59:57","guid":{"rendered":"http:\/\/prizrenpost.com\/al\/?p=13194"},"modified":"2019-02-23T19:53:44","modified_gmt":"2019-02-23T18:53:44","slug":"shkupi-feston-diten-e-punes-me-protesta-per-te-drejtat-e-punetoreve","status":"publish","type":"post","link":"https:\/\/prizrenpost.com\/al\/shkupi-feston-diten-e-punes-me-protesta-per-te-drejtat-e-punetoreve\/","title":{"rendered":"Shkupi feston \u201cDit\u00ebn e Pun\u00ebs\u201d me protesta p\u00ebr t\u00eb drejtat e pun\u00ebtor\u00ebve"},"content":{"rendered":"<p><img decoding=\"async\" src=\"https:\/\/prizrenpost.com\/al\/wp-content\/uploads\/2015\/05\/proteste-shkup.jpg\" alt=\"\" width=\"100%\" height=\"\" class=\"alignleft size-full wp-image-53228\" srcset=\"https:\/\/prizrenpost.com\/al\/wp-content\/uploads\/2015\/05\/proteste-shkup.jpg 625w, https:\/\/prizrenpost.com\/al\/wp-content\/uploads\/2015\/05\/proteste-shkup-300x204.jpg 300w\" sizes=\"(max-width: 625px) 100vw, 625px\" \/><\/p>\n<p><strong>Shkup &#8211; Nj\u00eb num\u00ebr i madh i sindikatave t\u00eb pavarura n\u00eb Shkup k\u00ebt\u00eb vit festuan 1 Majin, \u201cDit\u00ebn Nd\u00ebrkomb\u00ebtare t\u00eb Pun\u00ebs\u201d, duke marshuar n\u00eb shenj\u00eb proteste dhe duke k\u00ebrkuar drejt\u00ebsi sociale dhe m\u00eb shum\u00eb t\u00eb drejta t\u00eb pun\u00ebs, raporton Anadolu Agency.<\/strong><\/p>\n<p>Marshi filloi para p\u00ebrmendores t\u00eb sindikatave nd\u00ebrmjet dy luft\u00ebrave bot\u00ebrore, t\u00eb cil\u00ebt kaluan pran\u00eb Parlamentit, Ministris\u00eb s\u00eb Drejt\u00ebsis\u00eb dhe p\u00ebrfunduan para godin\u00ebs s\u00eb Qeveris\u00eb s\u00eb Republik\u00ebs s\u00eb Maqedonis\u00eb. Protestuesit me sloganin \u201cMos u relaksoni! Mund t\u00eb shkarkoheni\u201d b\u00ebjn\u00eb thirrje p\u00ebr mb\u00ebshtetje masive dhe porositin se sot nuk \u00ebsht\u00eb nj\u00eb dit\u00eb p\u00ebr skar\u00eb, por \u00ebsht\u00eb nj\u00eb dit\u00eb e luft\u00ebs p\u00ebr t\u00eb drejtat e pun\u00ebtor\u00ebve.<\/p>\n<p>Organizator\u00ebt e marshimit vler\u00ebsojn\u00eb se vitin e kaluar shumica e t\u00eb shtypurve ishin t\u00eb pun\u00ebsuarit n\u00eb sektorin publik, ve\u00e7an\u00ebrisht n\u00eb administrat\u00ebn publike, t\u00eb cil\u00ebve iu \u00ebsht\u00eb imponuar nj\u00eb num\u00ebr i rregullave t\u00eb reja p\u00ebr kontroll dhe shkarkim t\u00eb pap\u00ebrshtatsh\u00ebm m\u00eb t\u00eb leht\u00eb. Sipas tyre honorar\u00ebt jan\u00eb t\u00eb ekspozuar ndaj varf\u00ebrimit p\u00ebr arsye se iu \u00ebsht\u00eb imponuar nj\u00eb detyrim p\u00ebr t\u00eb paguar kontribute n\u00eb pagat e tyre.<\/p>\n<p>Protestuesit besojn\u00eb se n\u00eb Republik\u00ebn e Maqedonis\u00eb varf\u00ebria \u00ebsht\u00eb m\u00eb e lart\u00eb se asnj\u00ebher\u00eb m\u00eb par\u00eb, t\u00eb drejtat e pun\u00ebtor\u00ebve shkelen \u00e7do dit\u00eb dhe t\u00eb papun\u00ebsuarit n\u00eb vend q\u00eb t\u2019iu ofrohet nj\u00eb pun\u00eb ata fshihen nga t\u00eb dh\u00ebnat. Po ashtu n\u00eb qend\u00ebr t\u00eb Shkupit p\u00ebr t\u00eb festuar \u201cDit\u00ebn e Pun\u00ebs\u201d edhe Lidhja e Sindikatave t\u00eb Maqedonis\u00eb (SSM) mbajt\u00ebn nj\u00eb marsh solidariteti. LSM k\u00ebrkon marr\u00ebveshje kolektive p\u00ebr t\u00eb gjith\u00eb t\u00eb pun\u00ebsuarit, vende pune t\u00eb sigurta dhe rroga t\u00eb sigurta p\u00ebr pun\u00ebtor\u00ebt.<\/p>\n","protected":false},"excerpt":{"rendered":"<p>Shkup &#8211; Nj\u00eb num\u00ebr i madh i sindikatave t\u00eb pavarura n\u00eb Shkup k\u00ebt\u00eb vit festuan 1 Majin, \u201cDit\u00ebn Nd\u00ebrkomb\u00ebtare t\u00eb Pun\u00ebs\u201d, duke marshuar n\u00eb shenj\u00eb proteste dhe duke k\u00ebrkuar drejt\u00ebsi sociale dhe m\u00eb shum\u00eb t\u00eb drejta t\u00eb pun\u00ebs, raporton Anadolu Agency. Marshi filloi para p\u00ebrmendores t\u00eb sindikatave nd\u00ebrmjet dy luft\u00ebrave bot\u00ebrore, t\u00eb cil\u00ebt kaluan pran\u00eb [&hellip;]<\/p>\n","protected":false},"author":1,"featured_media":53228,"comment_status":"open","ping_status":"open","sticky":false,"template":"","format":"standard","meta":{"footnotes":""},"categories":[1],"tags":[872,946],"class_list":["post-13194","post","type-post","status-publish","format-standard","has-post-thumbnail","hentry","category-lajme","tag-protesta","tag-shkup"],"_links":{"self":[{"href":"https:\/\/prizrenpost.com\/al\/wp-json\/wp\/v2\/posts\/13194","targetHints":{"allow":["GET"]}}],"collection":[{"href":"https:\/\/prizrenpost.com\/al\/wp-json\/wp\/v2\/posts"}],"about":[{"href":"https:\/\/prizrenpost.com\/al\/wp-json\/wp\/v2\/types\/post"}],"author":[{"embeddable":true,"href":"https:\/\/prizrenpost.com\/al\/wp-json\/wp\/v2\/users\/1"}],"replies":[{"embeddable":true,"href":"https:\/\/prizrenpost.com\/al\/wp-json\/wp\/v2\/comments?post=13194"}],"version-history":[{"count":0,"href":"https:\/\/prizrenpost.com\/al\/wp-json\/wp\/v2\/posts\/13194\/revisions"}],"wp:featuredmedia":[{"embeddable":true,"href":"https:\/\/prizrenpost.com\/al\/wp-json\/wp\/v2\/media\/53228"}],"wp:attachment":[{"href":"https:\/\/prizrenpost.com\/al\/wp-json\/wp\/v2\/media?parent=13194"}],"wp:term":[{"taxonomy":"category","embeddable":true,"href":"https:\/\/prizrenpost.com\/al\/wp-json\/wp\/v2\/categories?post=13194"},{"taxonomy":"post_tag","embeddable":true,"href":"https:\/\/prizrenpost.com\/al\/wp-json\/wp\/v2\/tags?post=13194"}],"curies":[{"name":"wp","href":"https:\/\/api.w.org\/{rel}","templated":true}]}}