{"id":13384,"date":"2015-05-11T13:44:39","date_gmt":"2015-05-11T11:44:39","guid":{"rendered":"http:\/\/prizrenpost.com\/al\/?p=13384"},"modified":"2018-12-23T19:41:44","modified_gmt":"2018-12-23T18:41:44","slug":"tensione-ne-tetove-helikopteret-fluturojne-mbi-fshatrat-e-malesise","status":"publish","type":"post","link":"https:\/\/prizrenpost.com\/al\/tensione-ne-tetove-helikopteret-fluturojne-mbi-fshatrat-e-malesise\/","title":{"rendered":"Tensione n\u00eb Tetov\u00eb, helikopter\u00ebt fluturojn\u00eb mbi fshatrat e Mal\u00ebsis\u00eb"},"content":{"rendered":"<p><img decoding=\"async\" src=\"https:\/\/prizrenpost.com\/al\/wp-content\/uploads\/2015\/05\/helikopteri-1.jpg\" alt=\"\" width=\"100%\" height=\"\" class=\"alignleft size-full wp-image-50764\" srcset=\"https:\/\/prizrenpost.com\/al\/wp-content\/uploads\/2015\/05\/helikopteri-1.jpg 633w, https:\/\/prizrenpost.com\/al\/wp-content\/uploads\/2015\/05\/helikopteri-1-300x164.jpg 300w\" sizes=\"(max-width: 633px) 100vw, 633px\" \/><\/p>\n<p><strong>Tetov\u00eb &#8211; Banor\u00eb t\u00eb fshatrave t\u00eb mal\u00ebsis\u00eb s\u00eb Tetov\u00ebs jan\u00eb paraqitur n\u00eb \u201cLajm\u201d duke shprehur frik\u00eb se n\u00eb k\u00ebt\u00eb pjes\u00eb mund t\u00eb p\u00ebrs\u00ebritet Kumanova.<\/strong><\/p>\n<p>Ata thon\u00eb se n\u00eb fshatrat e tyre po mbret\u00ebron situat\u00eb e tensionuar, p\u00ebr shkak se jan\u00eb stacionuar forca t\u00eb m\u00ebdha policore, si dhe gjat\u00eb t\u00ebr\u00eb koh\u00ebs po fluturojn\u00eb helikopter\u00eb. Policia ende nuk \u00ebsht\u00eb prononcuar lidhur me k\u00ebto informacione.<\/p>\n<p>Z\u00ebdh\u00ebn\u00ebsi i policis\u00eb Ivo Kotevski, nuk konfirmon e as nuk demanton se ka prezenc\u00eb t\u00eb shtuar policore n\u00eb k\u00ebto fshatra, por apelon te banor\u00ebt se nuk ka nevoj\u00eb p\u00ebr panik.<\/p>\n<p>\u201cEdhe po t\u00eb kishte ndonj\u00eb aksion, sigurisht se nuk mund t\u00eb themi asgj\u00eb pa p\u00ebrfundimin e tij. Mir\u00ebpo banor\u00ebt nuk duhet t\u00eb frikohen nga prezenca e policis\u00eb, sepse policia \u00ebsht\u00eb atje q\u00eb t\u2019i mbroj\u00eb. Ata jan\u00eb shtetas t\u00eb Maqedonis\u00eb dhe policia do jet\u00eb pran\u00eb tyre\u201d, tha Kotevski p\u00ebr \u201cLajm\u201d.<\/p>\n<p>Ai shtoi se tani p\u00ebr tani nuk posedon informacione n\u00ebse n\u00eb k\u00ebt\u00eb rajon \u00ebsht\u00eb v\u00ebrejtur prezenc\u00eb e ndonj\u00eb grupit t\u00eb armatosur.<\/p>\n","protected":false},"excerpt":{"rendered":"<p>Tetov\u00eb &#8211; Banor\u00eb t\u00eb fshatrave t\u00eb mal\u00ebsis\u00eb s\u00eb Tetov\u00ebs jan\u00eb paraqitur n\u00eb \u201cLajm\u201d duke shprehur frik\u00eb se n\u00eb k\u00ebt\u00eb pjes\u00eb mund t\u00eb p\u00ebrs\u00ebritet Kumanova. Ata thon\u00eb se n\u00eb fshatrat e tyre po mbret\u00ebron situat\u00eb e tensionuar, p\u00ebr shkak se jan\u00eb stacionuar forca t\u00eb m\u00ebdha policore, si dhe gjat\u00eb t\u00ebr\u00eb koh\u00ebs po fluturojn\u00eb helikopter\u00eb. Policia ende [&hellip;]<\/p>\n","protected":false},"author":1,"featured_media":50764,"comment_status":"open","ping_status":"open","sticky":false,"template":"","format":"standard","meta":{"footnotes":""},"categories":[1],"tags":[2486],"class_list":["post-13384","post","type-post","status-publish","format-standard","has-post-thumbnail","hentry","category-lajme","tag-tetove"],"_links":{"self":[{"href":"https:\/\/prizrenpost.com\/al\/wp-json\/wp\/v2\/posts\/13384","targetHints":{"allow":["GET"]}}],"collection":[{"href":"https:\/\/prizrenpost.com\/al\/wp-json\/wp\/v2\/posts"}],"about":[{"href":"https:\/\/prizrenpost.com\/al\/wp-json\/wp\/v2\/types\/post"}],"author":[{"embeddable":true,"href":"https:\/\/prizrenpost.com\/al\/wp-json\/wp\/v2\/users\/1"}],"replies":[{"embeddable":true,"href":"https:\/\/prizrenpost.com\/al\/wp-json\/wp\/v2\/comments?post=13384"}],"version-history":[{"count":0,"href":"https:\/\/prizrenpost.com\/al\/wp-json\/wp\/v2\/posts\/13384\/revisions"}],"wp:featuredmedia":[{"embeddable":true,"href":"https:\/\/prizrenpost.com\/al\/wp-json\/wp\/v2\/media\/50764"}],"wp:attachment":[{"href":"https:\/\/prizrenpost.com\/al\/wp-json\/wp\/v2\/media?parent=13384"}],"wp:term":[{"taxonomy":"category","embeddable":true,"href":"https:\/\/prizrenpost.com\/al\/wp-json\/wp\/v2\/categories?post=13384"},{"taxonomy":"post_tag","embeddable":true,"href":"https:\/\/prizrenpost.com\/al\/wp-json\/wp\/v2\/tags?post=13384"}],"curies":[{"name":"wp","href":"https:\/\/api.w.org\/{rel}","templated":true}]}}