{"id":13448,"date":"2015-05-12T12:35:50","date_gmt":"2015-05-12T10:35:50","guid":{"rendered":"http:\/\/prizrenpost.com\/al\/?p=13448"},"modified":"2018-11-10T20:32:08","modified_gmt":"2018-11-10T19:32:08","slug":"qyteti-i-nishit-nis-diten-me-uck","status":"publish","type":"post","link":"https:\/\/prizrenpost.com\/al\/qyteti-i-nishit-nis-diten-me-uck\/","title":{"rendered":"Qyteti i Nishit \u2018nis dit\u00ebn\u2019 me U\u00c7K"},"content":{"rendered":"<p><img decoding=\"async\" src=\"https:\/\/prizrenpost.com\/al\/wp-content\/uploads\/2015\/05\/nish-uck-1.jpg\" alt=\"\" width=\"100%\" height=\"\" class=\"alignleft size-full wp-image-47866\" srcset=\"https:\/\/prizrenpost.com\/al\/wp-content\/uploads\/2015\/05\/nish-uck-1.jpg 640w, https:\/\/prizrenpost.com\/al\/wp-content\/uploads\/2015\/05\/nish-uck-1-300x169.jpg 300w\" sizes=\"(max-width: 640px) 100vw, 640px\" \/><\/p>\n<p><strong>Nish &#8211; Duket e pabesueshme, por ka ndodhur v\u00ebrtet\u00eb. Qyteti serb i Nishit \u00ebsht\u00eb zbardhur me grafitin \u201cU\u00c7K\u201d.<\/strong><\/p>\n<p>Gazeta serbe k\u00ebt\u00eb e cil\u00ebson si provokim. Por provokim nga kush? N\u00eb k\u00ebt\u00eb qytet nuk dihet se jeton ndonj\u00eb shqiptar.<\/p>\n<p>Ndryshe, grafiti i nj\u00ebjt\u00eb or\u00eb m\u00eb par\u00eb u pa edhe n\u00eb qytetin e Kralev\u00ebs, raporton Gazeta Blic.<\/p>\n","protected":false},"excerpt":{"rendered":"<p>Nish &#8211; Duket e pabesueshme, por ka ndodhur v\u00ebrtet\u00eb. Qyteti serb i Nishit \u00ebsht\u00eb zbardhur me grafitin \u201cU\u00c7K\u201d. Gazeta serbe k\u00ebt\u00eb e cil\u00ebson si provokim. Por provokim nga kush? N\u00eb k\u00ebt\u00eb qytet nuk dihet se jeton ndonj\u00eb shqiptar. Ndryshe, grafiti i nj\u00ebjt\u00eb or\u00eb m\u00eb par\u00eb u pa edhe n\u00eb qytetin e Kralev\u00ebs, raporton Gazeta Blic.<\/p>\n","protected":false},"author":1,"featured_media":47866,"comment_status":"open","ping_status":"open","sticky":false,"template":"","format":"standard","meta":{"footnotes":""},"categories":[1],"tags":[885,36],"class_list":["post-13448","post","type-post","status-publish","format-standard","has-post-thumbnail","hentry","category-lajme","tag-serbi","tag-uck"],"_links":{"self":[{"href":"https:\/\/prizrenpost.com\/al\/wp-json\/wp\/v2\/posts\/13448","targetHints":{"allow":["GET"]}}],"collection":[{"href":"https:\/\/prizrenpost.com\/al\/wp-json\/wp\/v2\/posts"}],"about":[{"href":"https:\/\/prizrenpost.com\/al\/wp-json\/wp\/v2\/types\/post"}],"author":[{"embeddable":true,"href":"https:\/\/prizrenpost.com\/al\/wp-json\/wp\/v2\/users\/1"}],"replies":[{"embeddable":true,"href":"https:\/\/prizrenpost.com\/al\/wp-json\/wp\/v2\/comments?post=13448"}],"version-history":[{"count":0,"href":"https:\/\/prizrenpost.com\/al\/wp-json\/wp\/v2\/posts\/13448\/revisions"}],"wp:featuredmedia":[{"embeddable":true,"href":"https:\/\/prizrenpost.com\/al\/wp-json\/wp\/v2\/media\/47866"}],"wp:attachment":[{"href":"https:\/\/prizrenpost.com\/al\/wp-json\/wp\/v2\/media?parent=13448"}],"wp:term":[{"taxonomy":"category","embeddable":true,"href":"https:\/\/prizrenpost.com\/al\/wp-json\/wp\/v2\/categories?post=13448"},{"taxonomy":"post_tag","embeddable":true,"href":"https:\/\/prizrenpost.com\/al\/wp-json\/wp\/v2\/tags?post=13448"}],"curies":[{"name":"wp","href":"https:\/\/api.w.org\/{rel}","templated":true}]}}