{"id":13455,"date":"2015-05-13T00:20:48","date_gmt":"2015-05-12T22:20:48","guid":{"rendered":"http:\/\/prizrenpost.com\/al\/?p=13455"},"modified":"2019-01-02T17:02:35","modified_gmt":"2019-01-02T16:02:35","slug":"sudostschweiz-maqedonia-nuk-mbijeton-pa-shqiptaret","status":"publish","type":"post","link":"https:\/\/prizrenpost.com\/al\/sudostschweiz-maqedonia-nuk-mbijeton-pa-shqiptaret\/","title":{"rendered":"\u201cS\u00fcdostschweiz\u201d: Maqedonia nuk mbijeton pa shqiptar\u00ebt"},"content":{"rendered":"<p><img decoding=\"async\" src=\"https:\/\/prizrenpost.com\/al\/wp-content\/uploads\/2015\/05\/kumanova.jpg\" alt=\"\" width=\"100%\" height=\"\" class=\"alignleft size-full wp-image-51280\" srcset=\"https:\/\/prizrenpost.com\/al\/wp-content\/uploads\/2015\/05\/kumanova.jpg 960w, https:\/\/prizrenpost.com\/al\/wp-content\/uploads\/2015\/05\/kumanova-300x180.jpg 300w, https:\/\/prizrenpost.com\/al\/wp-content\/uploads\/2015\/05\/kumanova-768x460.jpg 768w\" sizes=\"(max-width: 960px) 100vw, 960px\" \/><\/p>\n<p><strong>Po u ngrit\u00ebn maqedonasit kund\u00ebr shqiptar\u00ebve, at\u00ebher\u00eb shteti i vog\u00ebl nuk ka shans t\u00eb mbijetoj\u00eb. N\u00ebse grinden, si\u00e7 ka ndodhur muajve t\u00eb fundit, dy kampet politike t\u00eb kombit maqedonas, at\u00ebher\u00eb konflikti, her\u00ebt apo von\u00eb, po ashtu do t\u00eb shnd\u00ebrrohet n\u00eb konflikt etnik.<\/strong> <\/p>\n<p>At\u00ebher\u00eb shqiptar\u00ebt do t\u00eb ikin nga shteti pa perspektiv\u00eb dhe n\u00eb fundosje e sip\u00ebr \u2013 dhe ata do t\u00eb ikin duke e marr\u00eb me vete territorin ku banojn\u00eb, shkruan n\u00eb komentin e saj gazeta zvicerane \u201cS\u00fcdostschweiz\u201d.<\/p>\n<p>Prej vitesh n\u00eb Europ\u00eb jehon vajtimi se sa e tmerrshme \u00ebsht\u00eb kur vendet hyjn\u00eb para kohe n\u00eb BE \u2013 si p\u00ebr shembull Rumania dhe Bullgaria. Maqedonia tregon se \u00e7far\u00eb ndodh\u00eb n\u00ebse nj\u00eb vend e lini t\u00eb vuaj\u00eb urie dhe me dor\u00eb t\u00eb shtrir\u00eb. Pa perspektiv\u00eb konkrete t\u00eb an\u00ebtar\u00ebsimit kombet e vogla n\u00eb Europ\u00ebn Juglindore e humbin kompasin. Me \u00e7do vit q\u00eb largohet an\u00ebtar\u00ebsimit proeuropian\u00ebt humbin terren dhe lider\u00ebt autoritar\u00eb dhe oligark\u00ebt kriminel\u00eb fitojn\u00eb p\u00ebrpar\u00ebsi. N\u00eb fund pasojn\u00eb kaosi dhe lufta civile. Maqedonia gjendet pak para tyre.<\/p>\n<p>Ky zhvillim fatal i k\u00ebtij vendi t\u00eb vog\u00ebl t\u00eb Ballkanit na nisur para tamam shtat\u00eb vjet\u00ebsh: n\u00eb nj\u00eb samit t\u00eb NATO-s n\u00eb Bukuresht, kur Maqedonia duhej t\u00eb b\u00ebhej an\u00ebtare, delegati grek befasisht ngriti dor\u00ebn p\u00ebr veto. SHBA-t\u00eb dhe fuqit\u00eb e m\u00ebdha per\u00ebndimore rrug\u00ebn supet dhe e harruan k\u00ebt\u00eb. Q\u00eb nga at\u00ebher\u00eb e tutje kush thoshte \u201cEurop\u00eb\u201d n\u00eb Maqedoni dhe k\u00ebrkes\u00ebn e tij p\u00ebr modernizim dhe reforma e arsyetonte me shpres\u00ebn p\u00ebr hyrje n\u00eb BE, ai korrte vet\u00ebm ng\u00ebrdhesje cinike. \u201cAta nuk na duan\u201d, p\u00ebrgjigjej qeveria.<\/p>\n<p>Ende \u00ebsht\u00eb e paqart\u00eb n\u00ebse k\u00ebto dit\u00eb n\u00eb Maqedoni v\u00ebrtet po ngre krye ekstremizmi shqiptar apo konflikti \u00ebsht\u00eb inskenuar nga qeveria.<\/p>\n<p>Di\u00e7ka e till\u00eb mund t\u00eb pritet prej saj: rrethi m\u00eb i ngusht\u00eb i pushtetit viteve t\u00eb fundit ka vepruar n\u00eb m\u00ebnyr\u00eb ekstreme manipuluese. Por, n\u00eb thelb, p\u00ebr epilogun e konfliktit nuk luan rol n\u00ebse pas k\u00ebsaj q\u00ebndron v\u00ebrtet nj\u00eb \u00abushtri \u00e7lirimtare\u00bb apo k\u00ebtu i ka gishtat e p\u00ebrzier policia sekrete. Qeveria nuk g\u00ebzon kurrfar\u00eb kredibiliteti dhe nuk do t\u00eb mund ta luftonte efektivisht ekstremizmin edhe sikur t\u00eb donte. Po u ngrit\u00ebn maqedonasit kund\u00ebr shqiptar\u00ebve, at\u00ebher\u00eb shteti i vog\u00ebl nuk ka shans t\u00eb mbijetoj\u00eb.<\/p>\n<p>N\u00ebse grinden, si\u00e7 ka ndodhur muajve t\u00eb fundit, dy kampet politike t\u00eb kombit maqedonas, at\u00ebher\u00eb konflikti, her\u00ebt apo von\u00eb, po ashtu do t\u00eb shnd\u00ebrrohet n\u00eb konflikt etnik. At\u00ebher\u00eb shqiptar\u00ebt do t\u00eb ikin nga shteti pa perspektiv\u00eb dhe n\u00eb fundosje e sip\u00ebr \u2013 dhe ata do t\u00eb ikin duke e marr\u00eb me vete territorin ku banojn\u00eb.\/dialogplus\/<\/p>\n","protected":false},"excerpt":{"rendered":"<p>Po u ngrit\u00ebn maqedonasit kund\u00ebr shqiptar\u00ebve, at\u00ebher\u00eb shteti i vog\u00ebl nuk ka shans t\u00eb mbijetoj\u00eb. N\u00ebse grinden, si\u00e7 ka ndodhur muajve t\u00eb fundit, dy kampet politike t\u00eb kombit maqedonas, at\u00ebher\u00eb konflikti, her\u00ebt apo von\u00eb, po ashtu do t\u00eb shnd\u00ebrrohet n\u00eb konflikt etnik. At\u00ebher\u00eb shqiptar\u00ebt do t\u00eb ikin nga shteti pa perspektiv\u00eb dhe n\u00eb fundosje e [&hellip;]<\/p>\n","protected":false},"author":1,"featured_media":51280,"comment_status":"open","ping_status":"open","sticky":false,"template":"","format":"standard","meta":{"footnotes":""},"categories":[1],"tags":[1965,888,947],"class_list":["post-13455","post","type-post","status-publish","format-standard","has-post-thumbnail","hentry","category-lajme","tag-kumanova","tag-maqedonia","tag-shqiptaret"],"_links":{"self":[{"href":"https:\/\/prizrenpost.com\/al\/wp-json\/wp\/v2\/posts\/13455","targetHints":{"allow":["GET"]}}],"collection":[{"href":"https:\/\/prizrenpost.com\/al\/wp-json\/wp\/v2\/posts"}],"about":[{"href":"https:\/\/prizrenpost.com\/al\/wp-json\/wp\/v2\/types\/post"}],"author":[{"embeddable":true,"href":"https:\/\/prizrenpost.com\/al\/wp-json\/wp\/v2\/users\/1"}],"replies":[{"embeddable":true,"href":"https:\/\/prizrenpost.com\/al\/wp-json\/wp\/v2\/comments?post=13455"}],"version-history":[{"count":0,"href":"https:\/\/prizrenpost.com\/al\/wp-json\/wp\/v2\/posts\/13455\/revisions"}],"wp:featuredmedia":[{"embeddable":true,"href":"https:\/\/prizrenpost.com\/al\/wp-json\/wp\/v2\/media\/51280"}],"wp:attachment":[{"href":"https:\/\/prizrenpost.com\/al\/wp-json\/wp\/v2\/media?parent=13455"}],"wp:term":[{"taxonomy":"category","embeddable":true,"href":"https:\/\/prizrenpost.com\/al\/wp-json\/wp\/v2\/categories?post=13455"},{"taxonomy":"post_tag","embeddable":true,"href":"https:\/\/prizrenpost.com\/al\/wp-json\/wp\/v2\/tags?post=13455"}],"curies":[{"name":"wp","href":"https:\/\/api.w.org\/{rel}","templated":true}]}}